{"id":134,"date":"2017-09-22T19:43:56","date_gmt":"2017-09-22T19:43:56","guid":{"rendered":"https:\/\/integracaodigital.com.br\/blog\/?p=134"},"modified":"2024-03-14T10:16:59","modified_gmt":"2024-03-14T13:16:59","slug":"de-onde-vem-as-ideias","status":"publish","type":"post","link":"https:\/\/www.integracaodigital.com.br\/blog\/2017\/09\/22\/de-onde-vem-as-ideias\/","title":{"rendered":"De Onde V\u00eam as Ideias?"},"content":{"rendered":"<p><img decoding=\"async\" class=\"alignnone size-medium wp-image-135\" src=\"https:\/\/integracaodigital.com.br\/blog\/wp-content\/uploads\/2017\/09\/23-300x300.png\" alt=\"\" width=\"300\" height=\"300\" \/><\/p>\n<p>A criatividade n\u00e3o \u00e9 um dom, ela como qualquer outra habilidade pode ser entendida, interiorizada e utilizada no dia a dia. As ideias n\u00e3o v\u00eam de um lugar m\u00e1gico do seu c\u00e9rebro, elas v\u00eam de treinos e refer\u00eancias que voc\u00ea construiu ao decorrer de sua vida.<\/p>\n<h2><strong>Mem\u00f3rias<\/strong><\/h2>\n<p>A maneira como voc\u00ea viveu a inf\u00e2ncia, adolesc\u00eancia, a vida adulta e a velhice refletem diretamente em todos os trabalhos que venha a desenvolver. Cada pessoa com a sua bagagem \u00fanica e individual traz consigo valor suficiente para marcar um trabalho com uma identidade s\u00f3 sua.<\/p>\n<p>As suas mem\u00f3rias fazem com que voc\u00ea tenha mais ou menos afinidade com determinados assuntos, e discorra melhor em alguns em outros por ter mais repert\u00f3rio para debater.<\/p>\n<h2><strong>Refer\u00eancias<\/strong><\/h2>\n<p>Como constatamos as refer\u00eancias familiares ao decorrer da vida afetam diretamente nossa produ\u00e7\u00e3o criativa. Observar produ\u00e7\u00f5es criativas de outras pessoas tamb\u00e9m afeta diretamente, observar n\u00e3o \u00e9 copiar, pode ser muitas vezes admirar. Conceitos simples de frases simples tiradas de livros constroem muitas vezes um projeto inteiro.<\/p>\n<p>Informar-se e ler \u00e9 o ponto principal, nenhuma ideia pode surgir sem um repert\u00f3rio adequado. \u00c9 totalmente compreens\u00edvel e necess\u00e1rio procurar refer\u00eancias das \u00e1reas que voc\u00ea atua.<\/p>\n<h2><strong>Pr\u00e1tica<\/strong><\/h2>\n<p>Uma boa ideia vem da insist\u00eancia. No poema Procura da Poesia de Drummond, o autor apresenta regras de como escrever uma poesia, uma delas diz que devemos aprofundar o pensamento at\u00e9 encontrar ideias que esperam pela nossa necessidade. Ideias procuram as mentes que mais se prop\u00f5e a pensar para estabelecerem morada.<\/p>\n<p>\u201cPenetra surdamente no reino das palavras.<br \/>\nL\u00e1 est\u00e3o os poemas que esperam ser escritos.<br \/>\nEst\u00e3o paralisados, mas n\u00e3o h\u00e1 desespero,<br \/>\nh\u00e1 calma e frescura na superf\u00edcie intata.\u201d<\/p>\n","protected":false},"excerpt":{"rendered":"<p>A criatividade n\u00e3o \u00e9 um dom, ela como qualquer outra habilidade pode ser entendida, interiorizada e utilizada no dia a dia. As ideias n\u00e3o v\u00eam de um lugar m\u00e1gico do seu c\u00e9rebro, elas v\u00eam de treinos e refer\u00eancias que voc\u00ea construiu ao decorrer de sua vida. Mem\u00f3rias A maneira como voc\u00ea viveu a inf\u00e2ncia, adolesc\u00eancia,&hellip;<\/p>\n","protected":false},"author":1,"featured_media":135,"comment_status":"closed","ping_status":"open","sticky":false,"template":"","format":"standard","meta":{"footnotes":""},"categories":[409],"tags":[],"class_list":["post-134","post","type-post","status-publish","format-standard","has-post-thumbnail","hentry","category-design"],"yoast_head":"<!-- This site is optimized with the Yoast SEO plugin v27.5 - https:\/\/yoast.com\/product\/yoast-seo-wordpress\/ -->\n<title>De Onde V\u00eam as Ideias? - Blog - Integra\u00e7\u00e3o Digital<\/title>\n<meta name=\"description\" content=\"As ideias n\u00e3o v\u00eam de um lugar m\u00e1gico do seu c\u00e9rebro, elas vem de treinos e refer\u00eancias que voc\u00ea construiu ao decorrer de sua vida.\" \/>\n<meta name=\"robots\" content=\"index, follow, max-snippet:-1, max-image-preview:large, max-video-preview:-1\" \/>\n<link rel=\"canonical\" href=\"https:\/\/www.integracaodigital.com.br\/blog\/2017\/09\/22\/de-onde-vem-as-ideias\/\" \/>\n<meta property=\"og:locale\" content=\"pt_BR\" \/>\n<meta property=\"og:type\" content=\"article\" \/>\n<meta property=\"og:title\" content=\"De Onde V\u00eam as Ideias? - Blog - Integra\u00e7\u00e3o Digital\" \/>\n<meta property=\"og:description\" content=\"As ideias n\u00e3o v\u00eam de um lugar m\u00e1gico do seu c\u00e9rebro, elas vem de treinos e refer\u00eancias que voc\u00ea construiu ao decorrer de sua vida.\" \/>\n<meta property=\"og:url\" content=\"https:\/\/www.integracaodigital.com.br\/blog\/2017\/09\/22\/de-onde-vem-as-ideias\/\" \/>\n<meta property=\"og:site_name\" content=\"Blog - Integra\u00e7\u00e3o Digital\" \/>\n<meta property=\"article:publisher\" content=\"https:\/\/www.facebook.com\/integracaodigital\/\" \/>\n<meta property=\"article:published_time\" content=\"2017-09-22T19:43:56+00:00\" \/>\n<meta property=\"article:modified_time\" content=\"2024-03-14T13:16:59+00:00\" \/>\n<meta property=\"og:image\" content=\"https:\/\/www.integracaodigital.com.br\/blog\/wp-content\/uploads\/2017\/09\/23-e1506109333661.png\" \/>\n\t<meta property=\"og:image:width\" content=\"500\" \/>\n\t<meta property=\"og:image:height\" content=\"500\" \/>\n\t<meta property=\"og:image:type\" content=\"image\/png\" \/>\n<meta name=\"author\" content=\"admin\" \/>\n<meta name=\"twitter:card\" content=\"summary_large_image\" \/>\n<meta name=\"twitter:label1\" content=\"Escrito por\" \/>\n\t<meta name=\"twitter:data1\" content=\"admin\" \/>\n\t<meta name=\"twitter:label2\" content=\"Est. tempo de leitura\" \/>\n\t<meta name=\"twitter:data2\" content=\"1 minuto\" \/>\n<script type=\"application\/ld+json\" class=\"yoast-schema-graph\">{\"@context\":\"https:\\\/\\\/schema.org\",\"@graph\":[{\"@type\":\"Article\",\"@id\":\"https:\\\/\\\/www.integracaodigital.com.br\\\/blog\\\/2017\\\/09\\\/22\\\/de-onde-vem-as-ideias\\\/#article\",\"isPartOf\":{\"@id\":\"https:\\\/\\\/www.integracaodigital.com.br\\\/blog\\\/2017\\\/09\\\/22\\\/de-onde-vem-as-ideias\\\/\"},\"author\":{\"name\":\"admin\",\"@id\":\"https:\\\/\\\/www.integracaodigital.com.br\\\/blog\\\/#\\\/schema\\\/person\\\/ac267b19d350a5a9a274dabf2ac6031e\"},\"headline\":\"De Onde V\u00eam as Ideias?\",\"datePublished\":\"2017-09-22T19:43:56+00:00\",\"dateModified\":\"2024-03-14T13:16:59+00:00\",\"mainEntityOfPage\":{\"@id\":\"https:\\\/\\\/www.integracaodigital.com.br\\\/blog\\\/2017\\\/09\\\/22\\\/de-onde-vem-as-ideias\\\/\"},\"wordCount\":305,\"publisher\":{\"@id\":\"https:\\\/\\\/www.integracaodigital.com.br\\\/blog\\\/#organization\"},\"image\":{\"@id\":\"https:\\\/\\\/www.integracaodigital.com.br\\\/blog\\\/2017\\\/09\\\/22\\\/de-onde-vem-as-ideias\\\/#primaryimage\"},\"thumbnailUrl\":\"https:\\\/\\\/www.integracaodigital.com.br\\\/blog\\\/wp-content\\\/uploads\\\/2017\\\/09\\\/23-e1506109333661.png\",\"articleSection\":[\"Design\"],\"inLanguage\":\"pt-BR\"},{\"@type\":\"WebPage\",\"@id\":\"https:\\\/\\\/www.integracaodigital.com.br\\\/blog\\\/2017\\\/09\\\/22\\\/de-onde-vem-as-ideias\\\/\",\"url\":\"https:\\\/\\\/www.integracaodigital.com.br\\\/blog\\\/2017\\\/09\\\/22\\\/de-onde-vem-as-ideias\\\/\",\"name\":\"De Onde V\u00eam as Ideias? - Blog - Integra\u00e7\u00e3o Digital\",\"isPartOf\":{\"@id\":\"https:\\\/\\\/www.integracaodigital.com.br\\\/blog\\\/#website\"},\"primaryImageOfPage\":{\"@id\":\"https:\\\/\\\/www.integracaodigital.com.br\\\/blog\\\/2017\\\/09\\\/22\\\/de-onde-vem-as-ideias\\\/#primaryimage\"},\"image\":{\"@id\":\"https:\\\/\\\/www.integracaodigital.com.br\\\/blog\\\/2017\\\/09\\\/22\\\/de-onde-vem-as-ideias\\\/#primaryimage\"},\"thumbnailUrl\":\"https:\\\/\\\/www.integracaodigital.com.br\\\/blog\\\/wp-content\\\/uploads\\\/2017\\\/09\\\/23-e1506109333661.png\",\"datePublished\":\"2017-09-22T19:43:56+00:00\",\"dateModified\":\"2024-03-14T13:16:59+00:00\",\"description\":\"As ideias n\u00e3o v\u00eam de um lugar m\u00e1gico do seu c\u00e9rebro, elas vem de treinos e refer\u00eancias que voc\u00ea construiu ao decorrer de sua vida.\",\"breadcrumb\":{\"@id\":\"https:\\\/\\\/www.integracaodigital.com.br\\\/blog\\\/2017\\\/09\\\/22\\\/de-onde-vem-as-ideias\\\/#breadcrumb\"},\"inLanguage\":\"pt-BR\",\"potentialAction\":[{\"@type\":\"ReadAction\",\"target\":[\"https:\\\/\\\/www.integracaodigital.com.br\\\/blog\\\/2017\\\/09\\\/22\\\/de-onde-vem-as-ideias\\\/\"]}]},{\"@type\":\"ImageObject\",\"inLanguage\":\"pt-BR\",\"@id\":\"https:\\\/\\\/www.integracaodigital.com.br\\\/blog\\\/2017\\\/09\\\/22\\\/de-onde-vem-as-ideias\\\/#primaryimage\",\"url\":\"https:\\\/\\\/www.integracaodigital.com.br\\\/blog\\\/wp-content\\\/uploads\\\/2017\\\/09\\\/23-e1506109333661.png\",\"contentUrl\":\"https:\\\/\\\/www.integracaodigital.com.br\\\/blog\\\/wp-content\\\/uploads\\\/2017\\\/09\\\/23-e1506109333661.png\",\"width\":500,\"height\":500},{\"@type\":\"BreadcrumbList\",\"@id\":\"https:\\\/\\\/www.integracaodigital.com.br\\\/blog\\\/2017\\\/09\\\/22\\\/de-onde-vem-as-ideias\\\/#breadcrumb\",\"itemListElement\":[{\"@type\":\"ListItem\",\"position\":1,\"name\":\"Blog\",\"item\":\"https:\\\/\\\/www.integracaodigital.com.br\\\/blog\\\/\"},{\"@type\":\"ListItem\",\"position\":2,\"name\":\"De Onde V\u00eam as Ideias?\"}]},{\"@type\":\"WebSite\",\"@id\":\"https:\\\/\\\/www.integracaodigital.com.br\\\/blog\\\/#website\",\"url\":\"https:\\\/\\\/www.integracaodigital.com.br\\\/blog\\\/\",\"name\":\"Blog - Integra\u00e7\u00e3o Digital\",\"description\":\"Ag\u00eancia de Marketing Digital\",\"publisher\":{\"@id\":\"https:\\\/\\\/www.integracaodigital.com.br\\\/blog\\\/#organization\"},\"potentialAction\":[{\"@type\":\"SearchAction\",\"target\":{\"@type\":\"EntryPoint\",\"urlTemplate\":\"https:\\\/\\\/www.integracaodigital.com.br\\\/blog\\\/?s={search_term_string}\"},\"query-input\":{\"@type\":\"PropertyValueSpecification\",\"valueRequired\":true,\"valueName\":\"search_term_string\"}}],\"inLanguage\":\"pt-BR\"},{\"@type\":\"Organization\",\"@id\":\"https:\\\/\\\/www.integracaodigital.com.br\\\/blog\\\/#organization\",\"name\":\"Integra\u00e7\u00e3o Digital\",\"url\":\"https:\\\/\\\/www.integracaodigital.com.br\\\/blog\\\/\",\"logo\":{\"@type\":\"ImageObject\",\"inLanguage\":\"pt-BR\",\"@id\":\"https:\\\/\\\/www.integracaodigital.com.br\\\/blog\\\/#\\\/schema\\\/logo\\\/image\\\/\",\"url\":\"https:\\\/\\\/www.integracaodigital.com.br\\\/blog\\\/wp-content\\\/uploads\\\/2020\\\/06\\\/logo-integracao-digital.png\",\"contentUrl\":\"https:\\\/\\\/www.integracaodigital.com.br\\\/blog\\\/wp-content\\\/uploads\\\/2020\\\/06\\\/logo-integracao-digital.png\",\"width\":500,\"height\":487,\"caption\":\"Integra\u00e7\u00e3o Digital\"},\"image\":{\"@id\":\"https:\\\/\\\/www.integracaodigital.com.br\\\/blog\\\/#\\\/schema\\\/logo\\\/image\\\/\"},\"sameAs\":[\"https:\\\/\\\/www.facebook.com\\\/integracaodigital\\\/\",\"https:\\\/\\\/pt.linkedin.com\\\/company\\\/integra\u00e7\u00e3o-digital\",\"https:\\\/\\\/www.instagram.com\\\/integracaodigital\\\/\"]},{\"@type\":\"Person\",\"@id\":\"https:\\\/\\\/www.integracaodigital.com.br\\\/blog\\\/#\\\/schema\\\/person\\\/ac267b19d350a5a9a274dabf2ac6031e\",\"name\":\"admin\",\"image\":{\"@type\":\"ImageObject\",\"inLanguage\":\"pt-BR\",\"@id\":\"https:\\\/\\\/secure.gravatar.com\\\/avatar\\\/8dc0321809f35865f7b3ea1835517ca4d2685ae2e1bf3eaf2d1d92ec5dca150f?s=96&d=wp_user_avatar&r=g\",\"url\":\"https:\\\/\\\/secure.gravatar.com\\\/avatar\\\/8dc0321809f35865f7b3ea1835517ca4d2685ae2e1bf3eaf2d1d92ec5dca150f?s=96&d=wp_user_avatar&r=g\",\"contentUrl\":\"https:\\\/\\\/secure.gravatar.com\\\/avatar\\\/8dc0321809f35865f7b3ea1835517ca4d2685ae2e1bf3eaf2d1d92ec5dca150f?s=96&d=wp_user_avatar&r=g\",\"caption\":\"admin\"},\"sameAs\":[\"https:\\\/\\\/integracaodigital.com.br\\\/blog-id\"],\"url\":\"https:\\\/\\\/www.integracaodigital.com.br\\\/blog\\\/author\\\/admin\\\/\"}]}<\/script>\n<!-- \/ Yoast SEO plugin. -->","yoast_head_json":{"title":"De Onde V\u00eam as Ideias? - Blog - Integra\u00e7\u00e3o Digital","description":"As ideias n\u00e3o v\u00eam de um lugar m\u00e1gico do seu c\u00e9rebro, elas vem de treinos e refer\u00eancias que voc\u00ea construiu ao decorrer de sua vida.","robots":{"index":"index","follow":"follow","max-snippet":"max-snippet:-1","max-image-preview":"max-image-preview:large","max-video-preview":"max-video-preview:-1"},"canonical":"https:\/\/www.integracaodigital.com.br\/blog\/2017\/09\/22\/de-onde-vem-as-ideias\/","og_locale":"pt_BR","og_type":"article","og_title":"De Onde V\u00eam as Ideias? - Blog - Integra\u00e7\u00e3o Digital","og_description":"As ideias n\u00e3o v\u00eam de um lugar m\u00e1gico do seu c\u00e9rebro, elas vem de treinos e refer\u00eancias que voc\u00ea construiu ao decorrer de sua vida.","og_url":"https:\/\/www.integracaodigital.com.br\/blog\/2017\/09\/22\/de-onde-vem-as-ideias\/","og_site_name":"Blog - Integra\u00e7\u00e3o Digital","article_publisher":"https:\/\/www.facebook.com\/integracaodigital\/","article_published_time":"2017-09-22T19:43:56+00:00","article_modified_time":"2024-03-14T13:16:59+00:00","og_image":[{"width":500,"height":500,"url":"https:\/\/www.integracaodigital.com.br\/blog\/wp-content\/uploads\/2017\/09\/23-e1506109333661.png","type":"image\/png"}],"author":"admin","twitter_card":"summary_large_image","twitter_misc":{"Escrito por":"admin","Est. tempo de leitura":"1 minuto"},"schema":{"@context":"https:\/\/schema.org","@graph":[{"@type":"Article","@id":"https:\/\/www.integracaodigital.com.br\/blog\/2017\/09\/22\/de-onde-vem-as-ideias\/#article","isPartOf":{"@id":"https:\/\/www.integracaodigital.com.br\/blog\/2017\/09\/22\/de-onde-vem-as-ideias\/"},"author":{"name":"admin","@id":"https:\/\/www.integracaodigital.com.br\/blog\/#\/schema\/person\/ac267b19d350a5a9a274dabf2ac6031e"},"headline":"De Onde V\u00eam as Ideias?","datePublished":"2017-09-22T19:43:56+00:00","dateModified":"2024-03-14T13:16:59+00:00","mainEntityOfPage":{"@id":"https:\/\/www.integracaodigital.com.br\/blog\/2017\/09\/22\/de-onde-vem-as-ideias\/"},"wordCount":305,"publisher":{"@id":"https:\/\/www.integracaodigital.com.br\/blog\/#organization"},"image":{"@id":"https:\/\/www.integracaodigital.com.br\/blog\/2017\/09\/22\/de-onde-vem-as-ideias\/#primaryimage"},"thumbnailUrl":"https:\/\/www.integracaodigital.com.br\/blog\/wp-content\/uploads\/2017\/09\/23-e1506109333661.png","articleSection":["Design"],"inLanguage":"pt-BR"},{"@type":"WebPage","@id":"https:\/\/www.integracaodigital.com.br\/blog\/2017\/09\/22\/de-onde-vem-as-ideias\/","url":"https:\/\/www.integracaodigital.com.br\/blog\/2017\/09\/22\/de-onde-vem-as-ideias\/","name":"De Onde V\u00eam as Ideias? - Blog - Integra\u00e7\u00e3o Digital","isPartOf":{"@id":"https:\/\/www.integracaodigital.com.br\/blog\/#website"},"primaryImageOfPage":{"@id":"https:\/\/www.integracaodigital.com.br\/blog\/2017\/09\/22\/de-onde-vem-as-ideias\/#primaryimage"},"image":{"@id":"https:\/\/www.integracaodigital.com.br\/blog\/2017\/09\/22\/de-onde-vem-as-ideias\/#primaryimage"},"thumbnailUrl":"https:\/\/www.integracaodigital.com.br\/blog\/wp-content\/uploads\/2017\/09\/23-e1506109333661.png","datePublished":"2017-09-22T19:43:56+00:00","dateModified":"2024-03-14T13:16:59+00:00","description":"As ideias n\u00e3o v\u00eam de um lugar m\u00e1gico do seu c\u00e9rebro, elas vem de treinos e refer\u00eancias que voc\u00ea construiu ao decorrer de sua vida.","breadcrumb":{"@id":"https:\/\/www.integracaodigital.com.br\/blog\/2017\/09\/22\/de-onde-vem-as-ideias\/#breadcrumb"},"inLanguage":"pt-BR","potentialAction":[{"@type":"ReadAction","target":["https:\/\/www.integracaodigital.com.br\/blog\/2017\/09\/22\/de-onde-vem-as-ideias\/"]}]},{"@type":"ImageObject","inLanguage":"pt-BR","@id":"https:\/\/www.integracaodigital.com.br\/blog\/2017\/09\/22\/de-onde-vem-as-ideias\/#primaryimage","url":"https:\/\/www.integracaodigital.com.br\/blog\/wp-content\/uploads\/2017\/09\/23-e1506109333661.png","contentUrl":"https:\/\/www.integracaodigital.com.br\/blog\/wp-content\/uploads\/2017\/09\/23-e1506109333661.png","width":500,"height":500},{"@type":"BreadcrumbList","@id":"https:\/\/www.integracaodigital.com.br\/blog\/2017\/09\/22\/de-onde-vem-as-ideias\/#breadcrumb","itemListElement":[{"@type":"ListItem","position":1,"name":"Blog","item":"https:\/\/www.integracaodigital.com.br\/blog\/"},{"@type":"ListItem","position":2,"name":"De Onde V\u00eam as Ideias?"}]},{"@type":"WebSite","@id":"https:\/\/www.integracaodigital.com.br\/blog\/#website","url":"https:\/\/www.integracaodigital.com.br\/blog\/","name":"Blog - Integra\u00e7\u00e3o Digital","description":"Ag\u00eancia de Marketing Digital","publisher":{"@id":"https:\/\/www.integracaodigital.com.br\/blog\/#organization"},"potentialAction":[{"@type":"SearchAction","target":{"@type":"EntryPoint","urlTemplate":"https:\/\/www.integracaodigital.com.br\/blog\/?s={search_term_string}"},"query-input":{"@type":"PropertyValueSpecification","valueRequired":true,"valueName":"search_term_string"}}],"inLanguage":"pt-BR"},{"@type":"Organization","@id":"https:\/\/www.integracaodigital.com.br\/blog\/#organization","name":"Integra\u00e7\u00e3o Digital","url":"https:\/\/www.integracaodigital.com.br\/blog\/","logo":{"@type":"ImageObject","inLanguage":"pt-BR","@id":"https:\/\/www.integracaodigital.com.br\/blog\/#\/schema\/logo\/image\/","url":"https:\/\/www.integracaodigital.com.br\/blog\/wp-content\/uploads\/2020\/06\/logo-integracao-digital.png","contentUrl":"https:\/\/www.integracaodigital.com.br\/blog\/wp-content\/uploads\/2020\/06\/logo-integracao-digital.png","width":500,"height":487,"caption":"Integra\u00e7\u00e3o Digital"},"image":{"@id":"https:\/\/www.integracaodigital.com.br\/blog\/#\/schema\/logo\/image\/"},"sameAs":["https:\/\/www.facebook.com\/integracaodigital\/","https:\/\/pt.linkedin.com\/company\/integra\u00e7\u00e3o-digital","https:\/\/www.instagram.com\/integracaodigital\/"]},{"@type":"Person","@id":"https:\/\/www.integracaodigital.com.br\/blog\/#\/schema\/person\/ac267b19d350a5a9a274dabf2ac6031e","name":"admin","image":{"@type":"ImageObject","inLanguage":"pt-BR","@id":"https:\/\/secure.gravatar.com\/avatar\/8dc0321809f35865f7b3ea1835517ca4d2685ae2e1bf3eaf2d1d92ec5dca150f?s=96&d=wp_user_avatar&r=g","url":"https:\/\/secure.gravatar.com\/avatar\/8dc0321809f35865f7b3ea1835517ca4d2685ae2e1bf3eaf2d1d92ec5dca150f?s=96&d=wp_user_avatar&r=g","contentUrl":"https:\/\/secure.gravatar.com\/avatar\/8dc0321809f35865f7b3ea1835517ca4d2685ae2e1bf3eaf2d1d92ec5dca150f?s=96&d=wp_user_avatar&r=g","caption":"admin"},"sameAs":["https:\/\/integracaodigital.com.br\/blog-id"],"url":"https:\/\/www.integracaodigital.com.br\/blog\/author\/admin\/"}]}},"_links":{"self":[{"href":"https:\/\/www.integracaodigital.com.br\/blog\/wp-json\/wp\/v2\/posts\/134","targetHints":{"allow":["GET"]}}],"collection":[{"href":"https:\/\/www.integracaodigital.com.br\/blog\/wp-json\/wp\/v2\/posts"}],"about":[{"href":"https:\/\/www.integracaodigital.com.br\/blog\/wp-json\/wp\/v2\/types\/post"}],"author":[{"embeddable":true,"href":"https:\/\/www.integracaodigital.com.br\/blog\/wp-json\/wp\/v2\/users\/1"}],"replies":[{"embeddable":true,"href":"https:\/\/www.integracaodigital.com.br\/blog\/wp-json\/wp\/v2\/comments?post=134"}],"version-history":[{"count":1,"href":"https:\/\/www.integracaodigital.com.br\/blog\/wp-json\/wp\/v2\/posts\/134\/revisions"}],"predecessor-version":[{"id":2652,"href":"https:\/\/www.integracaodigital.com.br\/blog\/wp-json\/wp\/v2\/posts\/134\/revisions\/2652"}],"wp:featuredmedia":[{"embeddable":true,"href":"https:\/\/www.integracaodigital.com.br\/blog\/wp-json\/wp\/v2\/media\/135"}],"wp:attachment":[{"href":"https:\/\/www.integracaodigital.com.br\/blog\/wp-json\/wp\/v2\/media?parent=134"}],"wp:term":[{"taxonomy":"category","embeddable":true,"href":"https:\/\/www.integracaodigital.com.br\/blog\/wp-json\/wp\/v2\/categories?post=134"},{"taxonomy":"post_tag","embeddable":true,"href":"https:\/\/www.integracaodigital.com.br\/blog\/wp-json\/wp\/v2\/tags?post=134"}],"curies":[{"name":"wp","href":"https:\/\/api.w.org\/{rel}","templated":true}]}}