{"id":139,"date":"2017-09-26T20:25:13","date_gmt":"2017-09-26T20:25:13","guid":{"rendered":"https:\/\/integracaodigital.com.br\/blog\/?p=139"},"modified":"2024-03-14T10:16:59","modified_gmt":"2024-03-14T13:16:59","slug":"por-que-mudar","status":"publish","type":"post","link":"https:\/\/www.integracaodigital.com.br\/blog\/2017\/09\/26\/por-que-mudar\/","title":{"rendered":"Por Que Mudar?"},"content":{"rendered":"<p><img decoding=\"async\" class=\"alignnone wp-image-140 size-medium\" title=\"Por que mudar?\" src=\"https:\/\/integracaodigital.com.br\/blog\/wp-content\/uploads\/2017\/09\/25-300x300.png\" alt=\"Por que mudar?\" width=\"300\" height=\"300\" \/><\/p>\n<p>\u201cIntelig\u00eancia \u00e9 a capacidade de se adaptar \u00e0 mudan\u00e7a. \u201d Disse Stephen Hawking, o que \u00e9 muito verdadeiro, principalmente na era digital. Se manter preso a tradi\u00e7\u00f5es pode parecer em um primeiro momento o mais correto a se fazer, mas quando fazemos algo diferente daquilo que est\u00e1vamos acostumados criamos um ciclo vicioso de novas possibilidade e oportunidades.<\/p>\n<p>Darwin acreditava que a situa\u00e7\u00e3o causava a consequ\u00eancia, ou seja, ao expor algu\u00e9m a determinada situa\u00e7\u00e3o com n\u00edvel de dificuldade m\u00e9dio esta pessoa procuraria uma forma de resolver o problema, se adaptar ao ambiente no qual est\u00e1 inserido at\u00e9 por fim resolver a quest\u00e3o.<\/p>\n<p>Adapta\u00e7\u00e3o \u00e9 a grande chave de qualquer pessoa que necessite obter resultados positivos. A zona de conforto pode parecer um lugar muito acolhedor, mas a quest\u00e3o \u00e9 que quanto mais esperamos para tomar decis\u00f5es mais as indecis\u00f5es v\u00eam a nos consumir. O mercado tem um ritmo acelerado e as pessoas est\u00e3o sempre em movimento envolvidas por seus pequenos simulacros, smartphones, e captar a aten\u00e7\u00e3o desse tipo de p\u00fablico n\u00e3o \u00e9 mais t\u00e3o simples como antigamente.<\/p>\n<p>Hoje em dia h\u00e1 recursos e formas de reinventar uma empresa, fazer com que ela seja vista e com um excelente custo benef\u00edcio. Basta pesquisar e encontrar uma forma que encaixe perfeitamente dentro da identidade do seu neg\u00f3cio.\u00a0 Confira algumas dicas para tomar boas decis\u00f5es na hora de mudar:<\/p>\n<ol>\n<li>\n<h2>Listas<\/h2>\n<\/li>\n<\/ol>\n<p>Uma lista com pr\u00f3s e contras pode ajudar muito a comparar os dois lados e descobrir qual deles se encaixa melhor na sua situa\u00e7\u00e3o.<\/p>\n<ol start=\"2\">\n<li>\n<h2>Terceiros<\/h2>\n<\/li>\n<\/ol>\n<p>Pedir opini\u00f5es \u00e9 muito importante, desde que outras pessoas n\u00e3o tentem decidir por voc\u00ea, \u00e9 importante que voc\u00ea saiba administrar os pr\u00f3s e contras e entender por si s\u00f3 o que pode e o que n\u00e3o pode ajudar.<\/p>\n<ol start=\"3\">\n<li>\n<h2>Objetivo<\/h2>\n<\/li>\n<\/ol>\n<p>Para qualquer planejamento \u00e9 necess\u00e1rio ter muito bem esclarecido qual objetivo voc\u00ea quer atingir para que possa tra\u00e7ar estrat\u00e9gias coesas at\u00e9 a conquista do seu objetivo.<\/p>\n","protected":false},"excerpt":{"rendered":"<p>\u201cIntelig\u00eancia \u00e9 a capacidade de se adaptar \u00e0 mudan\u00e7a. \u201d Disse Stephen Hawking, o que \u00e9 muito verdadeiro, principalmente na era digital. Se manter preso a tradi\u00e7\u00f5es pode parecer em um primeiro momento o mais correto a se fazer, mas quando fazemos algo diferente daquilo que est\u00e1vamos acostumados criamos um ciclo vicioso de novas possibilidade&hellip;<\/p>\n","protected":false},"author":1,"featured_media":140,"comment_status":"closed","ping_status":"open","sticky":false,"template":"","format":"standard","meta":{"footnotes":""},"categories":[403],"tags":[],"class_list":["post-139","post","type-post","status-publish","format-standard","has-post-thumbnail","hentry","category-negocios"],"yoast_head":"<!-- This site is optimized with the Yoast SEO plugin v27.5 - https:\/\/yoast.com\/product\/yoast-seo-wordpress\/ -->\n<title>Por que mudar n\u00e3o \u00e9 uma op\u00e7\u00e3o? Integra\u00e7\u00e3o Digital<\/title>\n<meta name=\"description\" content=\"Quando fazemos algo diferente daquilo que est\u00e1vamos acostumados criamos um ciclo vicioso de novas possibilidade e oportunidades.\" \/>\n<meta name=\"robots\" content=\"index, follow, max-snippet:-1, max-image-preview:large, max-video-preview:-1\" \/>\n<link rel=\"canonical\" href=\"https:\/\/www.integracaodigital.com.br\/blog\/2017\/09\/26\/por-que-mudar\/\" \/>\n<meta property=\"og:locale\" content=\"pt_BR\" \/>\n<meta property=\"og:type\" content=\"article\" \/>\n<meta property=\"og:title\" content=\"Por que mudar n\u00e3o \u00e9 uma op\u00e7\u00e3o? Integra\u00e7\u00e3o Digital\" \/>\n<meta property=\"og:description\" content=\"Quando fazemos algo diferente daquilo que est\u00e1vamos acostumados criamos um ciclo vicioso de novas possibilidade e oportunidades.\" \/>\n<meta property=\"og:url\" content=\"https:\/\/www.integracaodigital.com.br\/blog\/2017\/09\/26\/por-que-mudar\/\" \/>\n<meta property=\"og:site_name\" content=\"Blog - Integra\u00e7\u00e3o Digital\" \/>\n<meta property=\"article:publisher\" content=\"https:\/\/www.facebook.com\/integracaodigital\/\" \/>\n<meta property=\"article:published_time\" content=\"2017-09-26T20:25:13+00:00\" \/>\n<meta property=\"article:modified_time\" content=\"2024-03-14T13:16:59+00:00\" \/>\n<meta property=\"og:image\" content=\"https:\/\/www.integracaodigital.com.br\/blog\/wp-content\/uploads\/2017\/09\/25-e1506457385627.png\" \/>\n\t<meta property=\"og:image:width\" content=\"500\" \/>\n\t<meta property=\"og:image:height\" content=\"500\" \/>\n\t<meta property=\"og:image:type\" content=\"image\/png\" \/>\n<meta name=\"author\" content=\"admin\" \/>\n<meta name=\"twitter:card\" content=\"summary_large_image\" \/>\n<meta name=\"twitter:label1\" content=\"Escrito por\" \/>\n\t<meta name=\"twitter:data1\" content=\"admin\" \/>\n\t<meta name=\"twitter:label2\" content=\"Est. tempo de leitura\" \/>\n\t<meta name=\"twitter:data2\" content=\"2 minutos\" \/>\n<script type=\"application\/ld+json\" class=\"yoast-schema-graph\">{\"@context\":\"https:\\\/\\\/schema.org\",\"@graph\":[{\"@type\":\"Article\",\"@id\":\"https:\\\/\\\/www.integracaodigital.com.br\\\/blog\\\/2017\\\/09\\\/26\\\/por-que-mudar\\\/#article\",\"isPartOf\":{\"@id\":\"https:\\\/\\\/www.integracaodigital.com.br\\\/blog\\\/2017\\\/09\\\/26\\\/por-que-mudar\\\/\"},\"author\":{\"name\":\"admin\",\"@id\":\"https:\\\/\\\/www.integracaodigital.com.br\\\/blog\\\/#\\\/schema\\\/person\\\/ac267b19d350a5a9a274dabf2ac6031e\"},\"headline\":\"Por Que Mudar?\",\"datePublished\":\"2017-09-26T20:25:13+00:00\",\"dateModified\":\"2024-03-14T13:16:59+00:00\",\"mainEntityOfPage\":{\"@id\":\"https:\\\/\\\/www.integracaodigital.com.br\\\/blog\\\/2017\\\/09\\\/26\\\/por-que-mudar\\\/\"},\"wordCount\":342,\"publisher\":{\"@id\":\"https:\\\/\\\/www.integracaodigital.com.br\\\/blog\\\/#organization\"},\"image\":{\"@id\":\"https:\\\/\\\/www.integracaodigital.com.br\\\/blog\\\/2017\\\/09\\\/26\\\/por-que-mudar\\\/#primaryimage\"},\"thumbnailUrl\":\"https:\\\/\\\/www.integracaodigital.com.br\\\/blog\\\/wp-content\\\/uploads\\\/2017\\\/09\\\/25-e1506457385627.png\",\"articleSection\":[\"Neg\u00f3cios\"],\"inLanguage\":\"pt-BR\"},{\"@type\":\"WebPage\",\"@id\":\"https:\\\/\\\/www.integracaodigital.com.br\\\/blog\\\/2017\\\/09\\\/26\\\/por-que-mudar\\\/\",\"url\":\"https:\\\/\\\/www.integracaodigital.com.br\\\/blog\\\/2017\\\/09\\\/26\\\/por-que-mudar\\\/\",\"name\":\"Por que mudar n\u00e3o \u00e9 uma op\u00e7\u00e3o? Integra\u00e7\u00e3o Digital\",\"isPartOf\":{\"@id\":\"https:\\\/\\\/www.integracaodigital.com.br\\\/blog\\\/#website\"},\"primaryImageOfPage\":{\"@id\":\"https:\\\/\\\/www.integracaodigital.com.br\\\/blog\\\/2017\\\/09\\\/26\\\/por-que-mudar\\\/#primaryimage\"},\"image\":{\"@id\":\"https:\\\/\\\/www.integracaodigital.com.br\\\/blog\\\/2017\\\/09\\\/26\\\/por-que-mudar\\\/#primaryimage\"},\"thumbnailUrl\":\"https:\\\/\\\/www.integracaodigital.com.br\\\/blog\\\/wp-content\\\/uploads\\\/2017\\\/09\\\/25-e1506457385627.png\",\"datePublished\":\"2017-09-26T20:25:13+00:00\",\"dateModified\":\"2024-03-14T13:16:59+00:00\",\"description\":\"Quando fazemos algo diferente daquilo que est\u00e1vamos acostumados criamos um ciclo vicioso de novas possibilidade e oportunidades.\",\"breadcrumb\":{\"@id\":\"https:\\\/\\\/www.integracaodigital.com.br\\\/blog\\\/2017\\\/09\\\/26\\\/por-que-mudar\\\/#breadcrumb\"},\"inLanguage\":\"pt-BR\",\"potentialAction\":[{\"@type\":\"ReadAction\",\"target\":[\"https:\\\/\\\/www.integracaodigital.com.br\\\/blog\\\/2017\\\/09\\\/26\\\/por-que-mudar\\\/\"]}]},{\"@type\":\"ImageObject\",\"inLanguage\":\"pt-BR\",\"@id\":\"https:\\\/\\\/www.integracaodigital.com.br\\\/blog\\\/2017\\\/09\\\/26\\\/por-que-mudar\\\/#primaryimage\",\"url\":\"https:\\\/\\\/www.integracaodigital.com.br\\\/blog\\\/wp-content\\\/uploads\\\/2017\\\/09\\\/25-e1506457385627.png\",\"contentUrl\":\"https:\\\/\\\/www.integracaodigital.com.br\\\/blog\\\/wp-content\\\/uploads\\\/2017\\\/09\\\/25-e1506457385627.png\",\"width\":500,\"height\":500},{\"@type\":\"BreadcrumbList\",\"@id\":\"https:\\\/\\\/www.integracaodigital.com.br\\\/blog\\\/2017\\\/09\\\/26\\\/por-que-mudar\\\/#breadcrumb\",\"itemListElement\":[{\"@type\":\"ListItem\",\"position\":1,\"name\":\"Blog\",\"item\":\"https:\\\/\\\/www.integracaodigital.com.br\\\/blog\\\/\"},{\"@type\":\"ListItem\",\"position\":2,\"name\":\"Por Que Mudar?\"}]},{\"@type\":\"WebSite\",\"@id\":\"https:\\\/\\\/www.integracaodigital.com.br\\\/blog\\\/#website\",\"url\":\"https:\\\/\\\/www.integracaodigital.com.br\\\/blog\\\/\",\"name\":\"Blog - Integra\u00e7\u00e3o Digital\",\"description\":\"Ag\u00eancia de Marketing Digital\",\"publisher\":{\"@id\":\"https:\\\/\\\/www.integracaodigital.com.br\\\/blog\\\/#organization\"},\"potentialAction\":[{\"@type\":\"SearchAction\",\"target\":{\"@type\":\"EntryPoint\",\"urlTemplate\":\"https:\\\/\\\/www.integracaodigital.com.br\\\/blog\\\/?s={search_term_string}\"},\"query-input\":{\"@type\":\"PropertyValueSpecification\",\"valueRequired\":true,\"valueName\":\"search_term_string\"}}],\"inLanguage\":\"pt-BR\"},{\"@type\":\"Organization\",\"@id\":\"https:\\\/\\\/www.integracaodigital.com.br\\\/blog\\\/#organization\",\"name\":\"Integra\u00e7\u00e3o Digital\",\"url\":\"https:\\\/\\\/www.integracaodigital.com.br\\\/blog\\\/\",\"logo\":{\"@type\":\"ImageObject\",\"inLanguage\":\"pt-BR\",\"@id\":\"https:\\\/\\\/www.integracaodigital.com.br\\\/blog\\\/#\\\/schema\\\/logo\\\/image\\\/\",\"url\":\"https:\\\/\\\/www.integracaodigital.com.br\\\/blog\\\/wp-content\\\/uploads\\\/2020\\\/06\\\/logo-integracao-digital.png\",\"contentUrl\":\"https:\\\/\\\/www.integracaodigital.com.br\\\/blog\\\/wp-content\\\/uploads\\\/2020\\\/06\\\/logo-integracao-digital.png\",\"width\":500,\"height\":487,\"caption\":\"Integra\u00e7\u00e3o Digital\"},\"image\":{\"@id\":\"https:\\\/\\\/www.integracaodigital.com.br\\\/blog\\\/#\\\/schema\\\/logo\\\/image\\\/\"},\"sameAs\":[\"https:\\\/\\\/www.facebook.com\\\/integracaodigital\\\/\",\"https:\\\/\\\/pt.linkedin.com\\\/company\\\/integra\u00e7\u00e3o-digital\",\"https:\\\/\\\/www.instagram.com\\\/integracaodigital\\\/\"]},{\"@type\":\"Person\",\"@id\":\"https:\\\/\\\/www.integracaodigital.com.br\\\/blog\\\/#\\\/schema\\\/person\\\/ac267b19d350a5a9a274dabf2ac6031e\",\"name\":\"admin\",\"image\":{\"@type\":\"ImageObject\",\"inLanguage\":\"pt-BR\",\"@id\":\"https:\\\/\\\/secure.gravatar.com\\\/avatar\\\/8dc0321809f35865f7b3ea1835517ca4d2685ae2e1bf3eaf2d1d92ec5dca150f?s=96&d=wp_user_avatar&r=g\",\"url\":\"https:\\\/\\\/secure.gravatar.com\\\/avatar\\\/8dc0321809f35865f7b3ea1835517ca4d2685ae2e1bf3eaf2d1d92ec5dca150f?s=96&d=wp_user_avatar&r=g\",\"contentUrl\":\"https:\\\/\\\/secure.gravatar.com\\\/avatar\\\/8dc0321809f35865f7b3ea1835517ca4d2685ae2e1bf3eaf2d1d92ec5dca150f?s=96&d=wp_user_avatar&r=g\",\"caption\":\"admin\"},\"sameAs\":[\"https:\\\/\\\/integracaodigital.com.br\\\/blog-id\"],\"url\":\"https:\\\/\\\/www.integracaodigital.com.br\\\/blog\\\/author\\\/admin\\\/\"}]}<\/script>\n<!-- \/ Yoast SEO plugin. -->","yoast_head_json":{"title":"Por que mudar n\u00e3o \u00e9 uma op\u00e7\u00e3o? Integra\u00e7\u00e3o Digital","description":"Quando fazemos algo diferente daquilo que est\u00e1vamos acostumados criamos um ciclo vicioso de novas possibilidade e oportunidades.","robots":{"index":"index","follow":"follow","max-snippet":"max-snippet:-1","max-image-preview":"max-image-preview:large","max-video-preview":"max-video-preview:-1"},"canonical":"https:\/\/www.integracaodigital.com.br\/blog\/2017\/09\/26\/por-que-mudar\/","og_locale":"pt_BR","og_type":"article","og_title":"Por que mudar n\u00e3o \u00e9 uma op\u00e7\u00e3o? Integra\u00e7\u00e3o Digital","og_description":"Quando fazemos algo diferente daquilo que est\u00e1vamos acostumados criamos um ciclo vicioso de novas possibilidade e oportunidades.","og_url":"https:\/\/www.integracaodigital.com.br\/blog\/2017\/09\/26\/por-que-mudar\/","og_site_name":"Blog - Integra\u00e7\u00e3o Digital","article_publisher":"https:\/\/www.facebook.com\/integracaodigital\/","article_published_time":"2017-09-26T20:25:13+00:00","article_modified_time":"2024-03-14T13:16:59+00:00","og_image":[{"width":500,"height":500,"url":"https:\/\/www.integracaodigital.com.br\/blog\/wp-content\/uploads\/2017\/09\/25-e1506457385627.png","type":"image\/png"}],"author":"admin","twitter_card":"summary_large_image","twitter_misc":{"Escrito por":"admin","Est. tempo de leitura":"2 minutos"},"schema":{"@context":"https:\/\/schema.org","@graph":[{"@type":"Article","@id":"https:\/\/www.integracaodigital.com.br\/blog\/2017\/09\/26\/por-que-mudar\/#article","isPartOf":{"@id":"https:\/\/www.integracaodigital.com.br\/blog\/2017\/09\/26\/por-que-mudar\/"},"author":{"name":"admin","@id":"https:\/\/www.integracaodigital.com.br\/blog\/#\/schema\/person\/ac267b19d350a5a9a274dabf2ac6031e"},"headline":"Por Que Mudar?","datePublished":"2017-09-26T20:25:13+00:00","dateModified":"2024-03-14T13:16:59+00:00","mainEntityOfPage":{"@id":"https:\/\/www.integracaodigital.com.br\/blog\/2017\/09\/26\/por-que-mudar\/"},"wordCount":342,"publisher":{"@id":"https:\/\/www.integracaodigital.com.br\/blog\/#organization"},"image":{"@id":"https:\/\/www.integracaodigital.com.br\/blog\/2017\/09\/26\/por-que-mudar\/#primaryimage"},"thumbnailUrl":"https:\/\/www.integracaodigital.com.br\/blog\/wp-content\/uploads\/2017\/09\/25-e1506457385627.png","articleSection":["Neg\u00f3cios"],"inLanguage":"pt-BR"},{"@type":"WebPage","@id":"https:\/\/www.integracaodigital.com.br\/blog\/2017\/09\/26\/por-que-mudar\/","url":"https:\/\/www.integracaodigital.com.br\/blog\/2017\/09\/26\/por-que-mudar\/","name":"Por que mudar n\u00e3o \u00e9 uma op\u00e7\u00e3o? Integra\u00e7\u00e3o Digital","isPartOf":{"@id":"https:\/\/www.integracaodigital.com.br\/blog\/#website"},"primaryImageOfPage":{"@id":"https:\/\/www.integracaodigital.com.br\/blog\/2017\/09\/26\/por-que-mudar\/#primaryimage"},"image":{"@id":"https:\/\/www.integracaodigital.com.br\/blog\/2017\/09\/26\/por-que-mudar\/#primaryimage"},"thumbnailUrl":"https:\/\/www.integracaodigital.com.br\/blog\/wp-content\/uploads\/2017\/09\/25-e1506457385627.png","datePublished":"2017-09-26T20:25:13+00:00","dateModified":"2024-03-14T13:16:59+00:00","description":"Quando fazemos algo diferente daquilo que est\u00e1vamos acostumados criamos um ciclo vicioso de novas possibilidade e oportunidades.","breadcrumb":{"@id":"https:\/\/www.integracaodigital.com.br\/blog\/2017\/09\/26\/por-que-mudar\/#breadcrumb"},"inLanguage":"pt-BR","potentialAction":[{"@type":"ReadAction","target":["https:\/\/www.integracaodigital.com.br\/blog\/2017\/09\/26\/por-que-mudar\/"]}]},{"@type":"ImageObject","inLanguage":"pt-BR","@id":"https:\/\/www.integracaodigital.com.br\/blog\/2017\/09\/26\/por-que-mudar\/#primaryimage","url":"https:\/\/www.integracaodigital.com.br\/blog\/wp-content\/uploads\/2017\/09\/25-e1506457385627.png","contentUrl":"https:\/\/www.integracaodigital.com.br\/blog\/wp-content\/uploads\/2017\/09\/25-e1506457385627.png","width":500,"height":500},{"@type":"BreadcrumbList","@id":"https:\/\/www.integracaodigital.com.br\/blog\/2017\/09\/26\/por-que-mudar\/#breadcrumb","itemListElement":[{"@type":"ListItem","position":1,"name":"Blog","item":"https:\/\/www.integracaodigital.com.br\/blog\/"},{"@type":"ListItem","position":2,"name":"Por Que Mudar?"}]},{"@type":"WebSite","@id":"https:\/\/www.integracaodigital.com.br\/blog\/#website","url":"https:\/\/www.integracaodigital.com.br\/blog\/","name":"Blog - Integra\u00e7\u00e3o Digital","description":"Ag\u00eancia de Marketing Digital","publisher":{"@id":"https:\/\/www.integracaodigital.com.br\/blog\/#organization"},"potentialAction":[{"@type":"SearchAction","target":{"@type":"EntryPoint","urlTemplate":"https:\/\/www.integracaodigital.com.br\/blog\/?s={search_term_string}"},"query-input":{"@type":"PropertyValueSpecification","valueRequired":true,"valueName":"search_term_string"}}],"inLanguage":"pt-BR"},{"@type":"Organization","@id":"https:\/\/www.integracaodigital.com.br\/blog\/#organization","name":"Integra\u00e7\u00e3o Digital","url":"https:\/\/www.integracaodigital.com.br\/blog\/","logo":{"@type":"ImageObject","inLanguage":"pt-BR","@id":"https:\/\/www.integracaodigital.com.br\/blog\/#\/schema\/logo\/image\/","url":"https:\/\/www.integracaodigital.com.br\/blog\/wp-content\/uploads\/2020\/06\/logo-integracao-digital.png","contentUrl":"https:\/\/www.integracaodigital.com.br\/blog\/wp-content\/uploads\/2020\/06\/logo-integracao-digital.png","width":500,"height":487,"caption":"Integra\u00e7\u00e3o Digital"},"image":{"@id":"https:\/\/www.integracaodigital.com.br\/blog\/#\/schema\/logo\/image\/"},"sameAs":["https:\/\/www.facebook.com\/integracaodigital\/","https:\/\/pt.linkedin.com\/company\/integra\u00e7\u00e3o-digital","https:\/\/www.instagram.com\/integracaodigital\/"]},{"@type":"Person","@id":"https:\/\/www.integracaodigital.com.br\/blog\/#\/schema\/person\/ac267b19d350a5a9a274dabf2ac6031e","name":"admin","image":{"@type":"ImageObject","inLanguage":"pt-BR","@id":"https:\/\/secure.gravatar.com\/avatar\/8dc0321809f35865f7b3ea1835517ca4d2685ae2e1bf3eaf2d1d92ec5dca150f?s=96&d=wp_user_avatar&r=g","url":"https:\/\/secure.gravatar.com\/avatar\/8dc0321809f35865f7b3ea1835517ca4d2685ae2e1bf3eaf2d1d92ec5dca150f?s=96&d=wp_user_avatar&r=g","contentUrl":"https:\/\/secure.gravatar.com\/avatar\/8dc0321809f35865f7b3ea1835517ca4d2685ae2e1bf3eaf2d1d92ec5dca150f?s=96&d=wp_user_avatar&r=g","caption":"admin"},"sameAs":["https:\/\/integracaodigital.com.br\/blog-id"],"url":"https:\/\/www.integracaodigital.com.br\/blog\/author\/admin\/"}]}},"_links":{"self":[{"href":"https:\/\/www.integracaodigital.com.br\/blog\/wp-json\/wp\/v2\/posts\/139","targetHints":{"allow":["GET"]}}],"collection":[{"href":"https:\/\/www.integracaodigital.com.br\/blog\/wp-json\/wp\/v2\/posts"}],"about":[{"href":"https:\/\/www.integracaodigital.com.br\/blog\/wp-json\/wp\/v2\/types\/post"}],"author":[{"embeddable":true,"href":"https:\/\/www.integracaodigital.com.br\/blog\/wp-json\/wp\/v2\/users\/1"}],"replies":[{"embeddable":true,"href":"https:\/\/www.integracaodigital.com.br\/blog\/wp-json\/wp\/v2\/comments?post=139"}],"version-history":[{"count":1,"href":"https:\/\/www.integracaodigital.com.br\/blog\/wp-json\/wp\/v2\/posts\/139\/revisions"}],"predecessor-version":[{"id":2651,"href":"https:\/\/www.integracaodigital.com.br\/blog\/wp-json\/wp\/v2\/posts\/139\/revisions\/2651"}],"wp:featuredmedia":[{"embeddable":true,"href":"https:\/\/www.integracaodigital.com.br\/blog\/wp-json\/wp\/v2\/media\/140"}],"wp:attachment":[{"href":"https:\/\/www.integracaodigital.com.br\/blog\/wp-json\/wp\/v2\/media?parent=139"}],"wp:term":[{"taxonomy":"category","embeddable":true,"href":"https:\/\/www.integracaodigital.com.br\/blog\/wp-json\/wp\/v2\/categories?post=139"},{"taxonomy":"post_tag","embeddable":true,"href":"https:\/\/www.integracaodigital.com.br\/blog\/wp-json\/wp\/v2\/tags?post=139"}],"curies":[{"name":"wp","href":"https:\/\/api.w.org\/{rel}","templated":true}]}}