{"id":147,"date":"2017-09-29T20:38:38","date_gmt":"2017-09-29T20:38:38","guid":{"rendered":"https:\/\/integracaodigital.com.br\/blog\/?p=147"},"modified":"2024-03-14T10:16:59","modified_gmt":"2024-03-14T13:16:59","slug":"integrando-o-digital-com-o-real","status":"publish","type":"post","link":"https:\/\/www.integracaodigital.com.br\/blog\/2017\/09\/29\/integrando-o-digital-com-o-real\/","title":{"rendered":"Integrando o Digital com o Real"},"content":{"rendered":"<h2><img decoding=\"async\" class=\"alignnone size-medium wp-image-148\" src=\"https:\/\/integracaodigital.com.br\/blog\/wp-content\/uploads\/2017\/09\/26-300x300.png\" alt=\"digital e real \" width=\"300\" height=\"300\" \/><\/h2>\n<p>\u00c9 cada vez mais comum observar no mundo publicit\u00e1rio a inser\u00e7\u00e3o do digital em \u00e2mbitos onde normalmente n\u00e3o seria o caso de utiliz\u00e1-lo como em lojas e espa\u00e7os p\u00fablicos. Construir uma rela\u00e7\u00e3o entre o digital e o real vai al\u00e9m do imagin\u00e1rio social e desperta a curiosidade e intera\u00e7\u00e3o do consumidor com o que \u00e9 oferecido.<\/p>\n<p>Cada vez mais as pessoas rejeitam formas tradicionais da comunica\u00e7\u00e3o na \u00e1rea publicit\u00e1ria. A banalidade dos an\u00fancios comuns tem se tornado quase invis\u00edvel aos olhos dos consumidores, e a competitividade no mercado tem apenas alavancado nos \u00faltimos anos. Uma interessante forma de atrair o p\u00fablico, propor engajamento e lembran\u00e7a de marca \u00e9 por meio de um feito exc\u00eantrico, inovador que se mostre t\u00e3o l\u00fadico e tang\u00edvel quanto poderia ser.<\/p>\n<p>Algumas marcas investiram seriamente nestas a\u00e7\u00f5es onde transportamos valores da vida digital para a vida real e vice-versa. N\u00e3o \u00e9 segredo para ningu\u00e9m que o e-commerce tem migrado lentamente para a constru\u00e7\u00e3o de lojas f\u00edsicas, unindo off-line e online em um mesmo ambiente. Diversas loja t\u00eam realizado este tipo de migra\u00e7\u00e3o mesmo que limitadamente. Em 2011 a Dafiti inaugurou sua primeira loja f\u00edsica na Oscar Freire (rua de grande nome na cidade de S\u00e3o Paulo), onde disponibilizava determinado n\u00famero de pe\u00e7as. Se a cliente provasse e desejasse comprar na hora, bastava ler o QR code indicado na etiqueta e sua compra seria entregue em sua resid\u00eancia. Em 2017 a Passarela tem realizado uma a\u00e7\u00e3o semelhante onde o cliente tamb\u00e9m tem a op\u00e7\u00e3o de se dirigir at\u00e9 a loja f\u00edsica e realizar uma compra, assim antes ele pode ter uma experi\u00eancia com a marca. Esse tipo de a\u00e7\u00e3o tem uma fun\u00e7\u00e3o educativa para o mercado, assim quem tinha receio de comprar online por n\u00e3o poder experimentar a pe\u00e7a de roupa, agora n\u00e3o ter\u00e1 este problema.<\/p>\n<p>&nbsp;<\/p>\n<p>Confira algumas dicas para implementar a estrat\u00e9gia de online e off-line:<\/p>\n<ol>\n<li>\n<h2>Omnichannel<\/h2>\n<\/li>\n<\/ol>\n<p>Esta estrat\u00e9gia tem a ver com conectar os meios. Tanto o PDV, quanto o site, para que tenham a mesma linguagem de comunica\u00e7\u00e3o e estejam alinhados. Assim quando o consumidor adentrar em algum dos diversos canais onde a marca se situa ele entender\u00e1 seu posicionamento e sua identidade.<\/p>\n<p>&nbsp;<\/p>\n<ol start=\"2\">\n<li>\n<h2>Estrutura<\/h2>\n<\/li>\n<\/ol>\n<p>Conferir budget \u00e9 extremamente importante, assim elimina-se a crise por falta de capital para realizar as a\u00e7\u00f5es. Pensar na estrutura da oferta \u00e9 muito importante assim pode-se prever acontecimentos e manter os eventos livres de contratempos.<\/p>\n<p>&nbsp;<\/p>\n<p>\u00c9 imprescind\u00edvel que as estrat\u00e9gias de unifica\u00e7\u00e3o do digital com o real estejam de acordo com o posicionamento da marca, e dispostas em lugares que n\u00e3o agridam de maneira nenhuma os valores estipulados a ela, e principalmente que mantenham uma proposta coesa e interessante \u00e0 identidade da marca.<\/p>\n","protected":false},"excerpt":{"rendered":"<p>\u00c9 cada vez mais comum observar no mundo publicit\u00e1rio a inser\u00e7\u00e3o do digital em \u00e2mbitos onde normalmente n\u00e3o seria o caso de utiliz\u00e1-lo como em lojas e espa\u00e7os p\u00fablicos. Construir uma rela\u00e7\u00e3o entre o digital e o real vai al\u00e9m do imagin\u00e1rio social e desperta a curiosidade e intera\u00e7\u00e3o do consumidor com o que \u00e9&hellip;<\/p>\n","protected":false},"author":1,"featured_media":148,"comment_status":"closed","ping_status":"open","sticky":false,"template":"","format":"standard","meta":{"footnotes":""},"categories":[404],"tags":[],"class_list":["post-147","post","type-post","status-publish","format-standard","has-post-thumbnail","hentry","category-marketing-digital"],"yoast_head":"<!-- This site is optimized with the Yoast SEO plugin v27.5 - https:\/\/yoast.com\/product\/yoast-seo-wordpress\/ -->\n<title>Integrando o Digital com o Real - Blog - Integra\u00e7\u00e3o Digital<\/title>\n<meta name=\"robots\" content=\"index, follow, max-snippet:-1, max-image-preview:large, max-video-preview:-1\" \/>\n<link rel=\"canonical\" href=\"https:\/\/www.integracaodigital.com.br\/blog\/2017\/09\/29\/integrando-o-digital-com-o-real\/\" \/>\n<meta property=\"og:locale\" content=\"pt_BR\" \/>\n<meta property=\"og:type\" content=\"article\" \/>\n<meta property=\"og:title\" content=\"Integrando o Digital com o Real - Blog - Integra\u00e7\u00e3o Digital\" \/>\n<meta property=\"og:description\" content=\"\u00c9 cada vez mais comum observar no mundo publicit\u00e1rio a inser\u00e7\u00e3o do digital em \u00e2mbitos onde normalmente n\u00e3o seria o caso de utiliz\u00e1-lo como em lojas e espa\u00e7os p\u00fablicos. Construir uma rela\u00e7\u00e3o entre o digital e o real vai al\u00e9m do imagin\u00e1rio social e desperta a curiosidade e intera\u00e7\u00e3o do consumidor com o que \u00e9&hellip;\" \/>\n<meta property=\"og:url\" content=\"https:\/\/www.integracaodigital.com.br\/blog\/2017\/09\/29\/integrando-o-digital-com-o-real\/\" \/>\n<meta property=\"og:site_name\" content=\"Blog - Integra\u00e7\u00e3o Digital\" \/>\n<meta property=\"article:publisher\" content=\"https:\/\/www.facebook.com\/integracaodigital\/\" \/>\n<meta property=\"article:published_time\" content=\"2017-09-29T20:38:38+00:00\" \/>\n<meta property=\"article:modified_time\" content=\"2024-03-14T13:16:59+00:00\" \/>\n<meta property=\"og:image\" content=\"https:\/\/www.integracaodigital.com.br\/blog\/wp-content\/uploads\/2017\/09\/26-e1506717502558.png\" \/>\n\t<meta property=\"og:image:width\" content=\"500\" \/>\n\t<meta property=\"og:image:height\" content=\"500\" \/>\n\t<meta property=\"og:image:type\" content=\"image\/png\" \/>\n<meta name=\"author\" content=\"admin\" \/>\n<meta name=\"twitter:card\" content=\"summary_large_image\" \/>\n<meta name=\"twitter:label1\" content=\"Escrito por\" \/>\n\t<meta name=\"twitter:data1\" content=\"admin\" \/>\n\t<meta name=\"twitter:label2\" content=\"Est. tempo de leitura\" \/>\n\t<meta name=\"twitter:data2\" content=\"2 minutos\" \/>\n<script type=\"application\/ld+json\" class=\"yoast-schema-graph\">{\"@context\":\"https:\\\/\\\/schema.org\",\"@graph\":[{\"@type\":\"Article\",\"@id\":\"https:\\\/\\\/www.integracaodigital.com.br\\\/blog\\\/2017\\\/09\\\/29\\\/integrando-o-digital-com-o-real\\\/#article\",\"isPartOf\":{\"@id\":\"https:\\\/\\\/www.integracaodigital.com.br\\\/blog\\\/2017\\\/09\\\/29\\\/integrando-o-digital-com-o-real\\\/\"},\"author\":{\"name\":\"admin\",\"@id\":\"https:\\\/\\\/www.integracaodigital.com.br\\\/blog\\\/#\\\/schema\\\/person\\\/ac267b19d350a5a9a274dabf2ac6031e\"},\"headline\":\"Integrando o Digital com o Real\",\"datePublished\":\"2017-09-29T20:38:38+00:00\",\"dateModified\":\"2024-03-14T13:16:59+00:00\",\"mainEntityOfPage\":{\"@id\":\"https:\\\/\\\/www.integracaodigital.com.br\\\/blog\\\/2017\\\/09\\\/29\\\/integrando-o-digital-com-o-real\\\/\"},\"wordCount\":493,\"publisher\":{\"@id\":\"https:\\\/\\\/www.integracaodigital.com.br\\\/blog\\\/#organization\"},\"image\":{\"@id\":\"https:\\\/\\\/www.integracaodigital.com.br\\\/blog\\\/2017\\\/09\\\/29\\\/integrando-o-digital-com-o-real\\\/#primaryimage\"},\"thumbnailUrl\":\"https:\\\/\\\/www.integracaodigital.com.br\\\/blog\\\/wp-content\\\/uploads\\\/2017\\\/09\\\/26-e1506717502558.png\",\"articleSection\":[\"Marketing Digital\"],\"inLanguage\":\"pt-BR\"},{\"@type\":\"WebPage\",\"@id\":\"https:\\\/\\\/www.integracaodigital.com.br\\\/blog\\\/2017\\\/09\\\/29\\\/integrando-o-digital-com-o-real\\\/\",\"url\":\"https:\\\/\\\/www.integracaodigital.com.br\\\/blog\\\/2017\\\/09\\\/29\\\/integrando-o-digital-com-o-real\\\/\",\"name\":\"Integrando o Digital com o Real - Blog - Integra\u00e7\u00e3o Digital\",\"isPartOf\":{\"@id\":\"https:\\\/\\\/www.integracaodigital.com.br\\\/blog\\\/#website\"},\"primaryImageOfPage\":{\"@id\":\"https:\\\/\\\/www.integracaodigital.com.br\\\/blog\\\/2017\\\/09\\\/29\\\/integrando-o-digital-com-o-real\\\/#primaryimage\"},\"image\":{\"@id\":\"https:\\\/\\\/www.integracaodigital.com.br\\\/blog\\\/2017\\\/09\\\/29\\\/integrando-o-digital-com-o-real\\\/#primaryimage\"},\"thumbnailUrl\":\"https:\\\/\\\/www.integracaodigital.com.br\\\/blog\\\/wp-content\\\/uploads\\\/2017\\\/09\\\/26-e1506717502558.png\",\"datePublished\":\"2017-09-29T20:38:38+00:00\",\"dateModified\":\"2024-03-14T13:16:59+00:00\",\"breadcrumb\":{\"@id\":\"https:\\\/\\\/www.integracaodigital.com.br\\\/blog\\\/2017\\\/09\\\/29\\\/integrando-o-digital-com-o-real\\\/#breadcrumb\"},\"inLanguage\":\"pt-BR\",\"potentialAction\":[{\"@type\":\"ReadAction\",\"target\":[\"https:\\\/\\\/www.integracaodigital.com.br\\\/blog\\\/2017\\\/09\\\/29\\\/integrando-o-digital-com-o-real\\\/\"]}]},{\"@type\":\"ImageObject\",\"inLanguage\":\"pt-BR\",\"@id\":\"https:\\\/\\\/www.integracaodigital.com.br\\\/blog\\\/2017\\\/09\\\/29\\\/integrando-o-digital-com-o-real\\\/#primaryimage\",\"url\":\"https:\\\/\\\/www.integracaodigital.com.br\\\/blog\\\/wp-content\\\/uploads\\\/2017\\\/09\\\/26-e1506717502558.png\",\"contentUrl\":\"https:\\\/\\\/www.integracaodigital.com.br\\\/blog\\\/wp-content\\\/uploads\\\/2017\\\/09\\\/26-e1506717502558.png\",\"width\":500,\"height\":500,\"caption\":\"digital e real\"},{\"@type\":\"BreadcrumbList\",\"@id\":\"https:\\\/\\\/www.integracaodigital.com.br\\\/blog\\\/2017\\\/09\\\/29\\\/integrando-o-digital-com-o-real\\\/#breadcrumb\",\"itemListElement\":[{\"@type\":\"ListItem\",\"position\":1,\"name\":\"Blog\",\"item\":\"https:\\\/\\\/www.integracaodigital.com.br\\\/blog\\\/\"},{\"@type\":\"ListItem\",\"position\":2,\"name\":\"Integrando o Digital com o Real\"}]},{\"@type\":\"WebSite\",\"@id\":\"https:\\\/\\\/www.integracaodigital.com.br\\\/blog\\\/#website\",\"url\":\"https:\\\/\\\/www.integracaodigital.com.br\\\/blog\\\/\",\"name\":\"Blog - Integra\u00e7\u00e3o Digital\",\"description\":\"Ag\u00eancia de Marketing Digital\",\"publisher\":{\"@id\":\"https:\\\/\\\/www.integracaodigital.com.br\\\/blog\\\/#organization\"},\"potentialAction\":[{\"@type\":\"SearchAction\",\"target\":{\"@type\":\"EntryPoint\",\"urlTemplate\":\"https:\\\/\\\/www.integracaodigital.com.br\\\/blog\\\/?s={search_term_string}\"},\"query-input\":{\"@type\":\"PropertyValueSpecification\",\"valueRequired\":true,\"valueName\":\"search_term_string\"}}],\"inLanguage\":\"pt-BR\"},{\"@type\":\"Organization\",\"@id\":\"https:\\\/\\\/www.integracaodigital.com.br\\\/blog\\\/#organization\",\"name\":\"Integra\u00e7\u00e3o Digital\",\"url\":\"https:\\\/\\\/www.integracaodigital.com.br\\\/blog\\\/\",\"logo\":{\"@type\":\"ImageObject\",\"inLanguage\":\"pt-BR\",\"@id\":\"https:\\\/\\\/www.integracaodigital.com.br\\\/blog\\\/#\\\/schema\\\/logo\\\/image\\\/\",\"url\":\"https:\\\/\\\/www.integracaodigital.com.br\\\/blog\\\/wp-content\\\/uploads\\\/2020\\\/06\\\/logo-integracao-digital.png\",\"contentUrl\":\"https:\\\/\\\/www.integracaodigital.com.br\\\/blog\\\/wp-content\\\/uploads\\\/2020\\\/06\\\/logo-integracao-digital.png\",\"width\":500,\"height\":487,\"caption\":\"Integra\u00e7\u00e3o Digital\"},\"image\":{\"@id\":\"https:\\\/\\\/www.integracaodigital.com.br\\\/blog\\\/#\\\/schema\\\/logo\\\/image\\\/\"},\"sameAs\":[\"https:\\\/\\\/www.facebook.com\\\/integracaodigital\\\/\",\"https:\\\/\\\/pt.linkedin.com\\\/company\\\/integra\u00e7\u00e3o-digital\",\"https:\\\/\\\/www.instagram.com\\\/integracaodigital\\\/\"]},{\"@type\":\"Person\",\"@id\":\"https:\\\/\\\/www.integracaodigital.com.br\\\/blog\\\/#\\\/schema\\\/person\\\/ac267b19d350a5a9a274dabf2ac6031e\",\"name\":\"admin\",\"image\":{\"@type\":\"ImageObject\",\"inLanguage\":\"pt-BR\",\"@id\":\"https:\\\/\\\/secure.gravatar.com\\\/avatar\\\/8dc0321809f35865f7b3ea1835517ca4d2685ae2e1bf3eaf2d1d92ec5dca150f?s=96&d=wp_user_avatar&r=g\",\"url\":\"https:\\\/\\\/secure.gravatar.com\\\/avatar\\\/8dc0321809f35865f7b3ea1835517ca4d2685ae2e1bf3eaf2d1d92ec5dca150f?s=96&d=wp_user_avatar&r=g\",\"contentUrl\":\"https:\\\/\\\/secure.gravatar.com\\\/avatar\\\/8dc0321809f35865f7b3ea1835517ca4d2685ae2e1bf3eaf2d1d92ec5dca150f?s=96&d=wp_user_avatar&r=g\",\"caption\":\"admin\"},\"sameAs\":[\"https:\\\/\\\/integracaodigital.com.br\\\/blog-id\"],\"url\":\"https:\\\/\\\/www.integracaodigital.com.br\\\/blog\\\/author\\\/admin\\\/\"}]}<\/script>\n<!-- \/ Yoast SEO plugin. -->","yoast_head_json":{"title":"Integrando o Digital com o Real - Blog - Integra\u00e7\u00e3o Digital","robots":{"index":"index","follow":"follow","max-snippet":"max-snippet:-1","max-image-preview":"max-image-preview:large","max-video-preview":"max-video-preview:-1"},"canonical":"https:\/\/www.integracaodigital.com.br\/blog\/2017\/09\/29\/integrando-o-digital-com-o-real\/","og_locale":"pt_BR","og_type":"article","og_title":"Integrando o Digital com o Real - Blog - Integra\u00e7\u00e3o Digital","og_description":"\u00c9 cada vez mais comum observar no mundo publicit\u00e1rio a inser\u00e7\u00e3o do digital em \u00e2mbitos onde normalmente n\u00e3o seria o caso de utiliz\u00e1-lo como em lojas e espa\u00e7os p\u00fablicos. Construir uma rela\u00e7\u00e3o entre o digital e o real vai al\u00e9m do imagin\u00e1rio social e desperta a curiosidade e intera\u00e7\u00e3o do consumidor com o que \u00e9&hellip;","og_url":"https:\/\/www.integracaodigital.com.br\/blog\/2017\/09\/29\/integrando-o-digital-com-o-real\/","og_site_name":"Blog - Integra\u00e7\u00e3o Digital","article_publisher":"https:\/\/www.facebook.com\/integracaodigital\/","article_published_time":"2017-09-29T20:38:38+00:00","article_modified_time":"2024-03-14T13:16:59+00:00","og_image":[{"width":500,"height":500,"url":"https:\/\/www.integracaodigital.com.br\/blog\/wp-content\/uploads\/2017\/09\/26-e1506717502558.png","type":"image\/png"}],"author":"admin","twitter_card":"summary_large_image","twitter_misc":{"Escrito por":"admin","Est. tempo de leitura":"2 minutos"},"schema":{"@context":"https:\/\/schema.org","@graph":[{"@type":"Article","@id":"https:\/\/www.integracaodigital.com.br\/blog\/2017\/09\/29\/integrando-o-digital-com-o-real\/#article","isPartOf":{"@id":"https:\/\/www.integracaodigital.com.br\/blog\/2017\/09\/29\/integrando-o-digital-com-o-real\/"},"author":{"name":"admin","@id":"https:\/\/www.integracaodigital.com.br\/blog\/#\/schema\/person\/ac267b19d350a5a9a274dabf2ac6031e"},"headline":"Integrando o Digital com o Real","datePublished":"2017-09-29T20:38:38+00:00","dateModified":"2024-03-14T13:16:59+00:00","mainEntityOfPage":{"@id":"https:\/\/www.integracaodigital.com.br\/blog\/2017\/09\/29\/integrando-o-digital-com-o-real\/"},"wordCount":493,"publisher":{"@id":"https:\/\/www.integracaodigital.com.br\/blog\/#organization"},"image":{"@id":"https:\/\/www.integracaodigital.com.br\/blog\/2017\/09\/29\/integrando-o-digital-com-o-real\/#primaryimage"},"thumbnailUrl":"https:\/\/www.integracaodigital.com.br\/blog\/wp-content\/uploads\/2017\/09\/26-e1506717502558.png","articleSection":["Marketing Digital"],"inLanguage":"pt-BR"},{"@type":"WebPage","@id":"https:\/\/www.integracaodigital.com.br\/blog\/2017\/09\/29\/integrando-o-digital-com-o-real\/","url":"https:\/\/www.integracaodigital.com.br\/blog\/2017\/09\/29\/integrando-o-digital-com-o-real\/","name":"Integrando o Digital com o Real - Blog - Integra\u00e7\u00e3o Digital","isPartOf":{"@id":"https:\/\/www.integracaodigital.com.br\/blog\/#website"},"primaryImageOfPage":{"@id":"https:\/\/www.integracaodigital.com.br\/blog\/2017\/09\/29\/integrando-o-digital-com-o-real\/#primaryimage"},"image":{"@id":"https:\/\/www.integracaodigital.com.br\/blog\/2017\/09\/29\/integrando-o-digital-com-o-real\/#primaryimage"},"thumbnailUrl":"https:\/\/www.integracaodigital.com.br\/blog\/wp-content\/uploads\/2017\/09\/26-e1506717502558.png","datePublished":"2017-09-29T20:38:38+00:00","dateModified":"2024-03-14T13:16:59+00:00","breadcrumb":{"@id":"https:\/\/www.integracaodigital.com.br\/blog\/2017\/09\/29\/integrando-o-digital-com-o-real\/#breadcrumb"},"inLanguage":"pt-BR","potentialAction":[{"@type":"ReadAction","target":["https:\/\/www.integracaodigital.com.br\/blog\/2017\/09\/29\/integrando-o-digital-com-o-real\/"]}]},{"@type":"ImageObject","inLanguage":"pt-BR","@id":"https:\/\/www.integracaodigital.com.br\/blog\/2017\/09\/29\/integrando-o-digital-com-o-real\/#primaryimage","url":"https:\/\/www.integracaodigital.com.br\/blog\/wp-content\/uploads\/2017\/09\/26-e1506717502558.png","contentUrl":"https:\/\/www.integracaodigital.com.br\/blog\/wp-content\/uploads\/2017\/09\/26-e1506717502558.png","width":500,"height":500,"caption":"digital e real"},{"@type":"BreadcrumbList","@id":"https:\/\/www.integracaodigital.com.br\/blog\/2017\/09\/29\/integrando-o-digital-com-o-real\/#breadcrumb","itemListElement":[{"@type":"ListItem","position":1,"name":"Blog","item":"https:\/\/www.integracaodigital.com.br\/blog\/"},{"@type":"ListItem","position":2,"name":"Integrando o Digital com o Real"}]},{"@type":"WebSite","@id":"https:\/\/www.integracaodigital.com.br\/blog\/#website","url":"https:\/\/www.integracaodigital.com.br\/blog\/","name":"Blog - Integra\u00e7\u00e3o Digital","description":"Ag\u00eancia de Marketing Digital","publisher":{"@id":"https:\/\/www.integracaodigital.com.br\/blog\/#organization"},"potentialAction":[{"@type":"SearchAction","target":{"@type":"EntryPoint","urlTemplate":"https:\/\/www.integracaodigital.com.br\/blog\/?s={search_term_string}"},"query-input":{"@type":"PropertyValueSpecification","valueRequired":true,"valueName":"search_term_string"}}],"inLanguage":"pt-BR"},{"@type":"Organization","@id":"https:\/\/www.integracaodigital.com.br\/blog\/#organization","name":"Integra\u00e7\u00e3o Digital","url":"https:\/\/www.integracaodigital.com.br\/blog\/","logo":{"@type":"ImageObject","inLanguage":"pt-BR","@id":"https:\/\/www.integracaodigital.com.br\/blog\/#\/schema\/logo\/image\/","url":"https:\/\/www.integracaodigital.com.br\/blog\/wp-content\/uploads\/2020\/06\/logo-integracao-digital.png","contentUrl":"https:\/\/www.integracaodigital.com.br\/blog\/wp-content\/uploads\/2020\/06\/logo-integracao-digital.png","width":500,"height":487,"caption":"Integra\u00e7\u00e3o Digital"},"image":{"@id":"https:\/\/www.integracaodigital.com.br\/blog\/#\/schema\/logo\/image\/"},"sameAs":["https:\/\/www.facebook.com\/integracaodigital\/","https:\/\/pt.linkedin.com\/company\/integra\u00e7\u00e3o-digital","https:\/\/www.instagram.com\/integracaodigital\/"]},{"@type":"Person","@id":"https:\/\/www.integracaodigital.com.br\/blog\/#\/schema\/person\/ac267b19d350a5a9a274dabf2ac6031e","name":"admin","image":{"@type":"ImageObject","inLanguage":"pt-BR","@id":"https:\/\/secure.gravatar.com\/avatar\/8dc0321809f35865f7b3ea1835517ca4d2685ae2e1bf3eaf2d1d92ec5dca150f?s=96&d=wp_user_avatar&r=g","url":"https:\/\/secure.gravatar.com\/avatar\/8dc0321809f35865f7b3ea1835517ca4d2685ae2e1bf3eaf2d1d92ec5dca150f?s=96&d=wp_user_avatar&r=g","contentUrl":"https:\/\/secure.gravatar.com\/avatar\/8dc0321809f35865f7b3ea1835517ca4d2685ae2e1bf3eaf2d1d92ec5dca150f?s=96&d=wp_user_avatar&r=g","caption":"admin"},"sameAs":["https:\/\/integracaodigital.com.br\/blog-id"],"url":"https:\/\/www.integracaodigital.com.br\/blog\/author\/admin\/"}]}},"_links":{"self":[{"href":"https:\/\/www.integracaodigital.com.br\/blog\/wp-json\/wp\/v2\/posts\/147","targetHints":{"allow":["GET"]}}],"collection":[{"href":"https:\/\/www.integracaodigital.com.br\/blog\/wp-json\/wp\/v2\/posts"}],"about":[{"href":"https:\/\/www.integracaodigital.com.br\/blog\/wp-json\/wp\/v2\/types\/post"}],"author":[{"embeddable":true,"href":"https:\/\/www.integracaodigital.com.br\/blog\/wp-json\/wp\/v2\/users\/1"}],"replies":[{"embeddable":true,"href":"https:\/\/www.integracaodigital.com.br\/blog\/wp-json\/wp\/v2\/comments?post=147"}],"version-history":[{"count":1,"href":"https:\/\/www.integracaodigital.com.br\/blog\/wp-json\/wp\/v2\/posts\/147\/revisions"}],"predecessor-version":[{"id":2649,"href":"https:\/\/www.integracaodigital.com.br\/blog\/wp-json\/wp\/v2\/posts\/147\/revisions\/2649"}],"wp:featuredmedia":[{"embeddable":true,"href":"https:\/\/www.integracaodigital.com.br\/blog\/wp-json\/wp\/v2\/media\/148"}],"wp:attachment":[{"href":"https:\/\/www.integracaodigital.com.br\/blog\/wp-json\/wp\/v2\/media?parent=147"}],"wp:term":[{"taxonomy":"category","embeddable":true,"href":"https:\/\/www.integracaodigital.com.br\/blog\/wp-json\/wp\/v2\/categories?post=147"},{"taxonomy":"post_tag","embeddable":true,"href":"https:\/\/www.integracaodigital.com.br\/blog\/wp-json\/wp\/v2\/tags?post=147"}],"curies":[{"name":"wp","href":"https:\/\/api.w.org\/{rel}","templated":true}]}}