{"id":1479,"date":"2020-11-12T16:56:25","date_gmt":"2020-11-12T19:56:25","guid":{"rendered":"https:\/\/integracaodigital.com.br\/blog\/?p=1479"},"modified":"2024-03-14T10:16:45","modified_gmt":"2024-03-14T13:16:45","slug":"novas-ferramentas-do-linkedin","status":"publish","type":"post","link":"https:\/\/www.integracaodigital.com.br\/blog\/2020\/11\/12\/novas-ferramentas-do-linkedin\/","title":{"rendered":"Conhe\u00e7a as novas ferramentas do LinkedIn e suas funcionalidades!"},"content":{"rendered":"<p><img decoding=\"async\" class=\"aligncenter wp-image-1482 size-full\" title=\"Conhe\u00e7a as novas ferramentas do LinkedIn e suas funcionalidades\" src=\"https:\/\/integracaodigital.com.br\/blog\/wp-content\/uploads\/2020\/11\/novas-ferramentas-do-linkedin-_blog-texto.png\" alt=\"novas-ferramentas-do-linkedin _blog-texto\" width=\"1199\" height=\"620\" srcset=\"https:\/\/www.integracaodigital.com.br\/blog\/wp-content\/uploads\/2020\/11\/novas-ferramentas-do-linkedin-_blog-texto.png 1199w, https:\/\/www.integracaodigital.com.br\/blog\/wp-content\/uploads\/2020\/11\/novas-ferramentas-do-linkedin-_blog-texto-300x155.png 300w, https:\/\/www.integracaodigital.com.br\/blog\/wp-content\/uploads\/2020\/11\/novas-ferramentas-do-linkedin-_blog-texto-1024x530.png 1024w, https:\/\/www.integracaodigital.com.br\/blog\/wp-content\/uploads\/2020\/11\/novas-ferramentas-do-linkedin-_blog-texto-768x397.png 768w, https:\/\/www.integracaodigital.com.br\/blog\/wp-content\/uploads\/2020\/11\/novas-ferramentas-do-linkedin-_blog-texto-1140x589.png 1140w, https:\/\/www.integracaodigital.com.br\/blog\/wp-content\/uploads\/2020\/11\/novas-ferramentas-do-linkedin-_blog-texto-650x336.png 650w, https:\/\/www.integracaodigital.com.br\/blog\/wp-content\/uploads\/2020\/11\/novas-ferramentas-do-linkedin-_blog-texto-440x228.png 440w\" sizes=\"(max-width: 1199px) 100vw, 1199px\" \/><\/p>\n<p>Com cada vez mais destaque entre os internautas, principalmente no ramo profissional, o LinkedIn criou novos recursos em sua plataforma com a inten\u00e7\u00e3o de conectar ainda mais empresas e funcion\u00e1rios nesses tempos de pandemia.<\/p>\n<p>As novas ferramentas do LinkedIn tem como objetivo principal aproximar os funcion\u00e1rios, uma vez que devido ao novo modelo de trabalho adotado pelas empresas, o home office, a maioria dos colaboradores acabam por se distanciar cada vez mais uns do outros, diminuindo at\u00e9 mesmo o contato profissional. Foi para mudar esse problema de comunica\u00e7\u00e3o que o LinkedIn criou as guias:<\/p>\n<ul>\n<li>Minha Empresa;<br \/>\nEventos;<br \/>\nVer seguidores da p\u00e1gina.<\/li>\n<\/ul>\n<h2>Saiba mais sobre as guias e como funciona cada uma delas<\/h2>\n<p>No come\u00e7o do ano, o LinkedIn anunciou a integra\u00e7\u00e3o de duas de suas ferramentas, a Pages e Elevate, que possibilitou que as organiza\u00e7\u00f5es tivessem uma comunica\u00e7\u00e3o mais direta com as pessoas. Foi atrav\u00e9s dessa fun\u00e7\u00e3o que a plataforma pode identificar que os funcion\u00e1rios eram os maiores divulgadores das publica\u00e7\u00f5es da empresa dentro do LinkedIn.<\/p>\n<p>Assim, surgiu ent\u00e3o a ideia da cria\u00e7\u00e3o das novas ferramentos do LinkedIn, que pudessem permitir um maior engajamento entre empresa e funcion\u00e1rio.<\/p>\n<p><a href=\"https:\/\/www.integracaodigital.com.br\/n\/#9\" target=\"_blank\" rel=\"noopener noreferrer\"><img decoding=\"async\" class=\"size-full wp-image-1897 aligncenter\" src=\"https:\/\/integracaodigital.com.br\/blog\/wp-content\/uploads\/2021\/12\/Or\u00e7amento-Amarelo.png\" alt=\"Solicitar Or\u00e7amento!\" width=\"342\" height=\"54\" srcset=\"https:\/\/www.integracaodigital.com.br\/blog\/wp-content\/uploads\/2021\/12\/Or\u00e7amento-Amarelo.png 342w, https:\/\/www.integracaodigital.com.br\/blog\/wp-content\/uploads\/2021\/12\/Or\u00e7amento-Amarelo-300x47.png 300w\" sizes=\"(max-width: 342px) 100vw, 342px\" \/><\/a><\/p>\n<h3>Entenda como funciona a ferramenta Minha Empresa<\/h3>\n<p>A guia My company, ou Minha empresa, \u00e9 uma das novas ferramentas do LinkedIn que est\u00e1 presente na p\u00e1gina das organiza\u00e7\u00f5es na plataforma. Atrav\u00e9s dela, \u00e9 fornecido acesso a um grupo fechado, sendo apenas aos funcion\u00e1rios da empresa, onde poder\u00e3o ser compartilhadas informa\u00e7\u00f5es entre os usu\u00e1rios, aumentando assim o engajamento dentro da comunidade e conectando mais os funcion\u00e1rios.<\/p>\n<p>Isso porque, em geral os colaboradores tendem a repostarem publica\u00e7\u00f5es de suas empresas, e dessa forma, eles ainda poderam visualizar e interagir uns com os outros. Na guia, ainda \u00e9 poss\u00edvel incluir informa\u00e7\u00f5es como promo\u00e7\u00f5es de funcion\u00e1rios, datas de anivers\u00e1rio e at\u00e9 mesmo sobre novas contrata\u00e7\u00f5es.<\/p>\n<p>O LinkedIn pretende ainda no futuro fazer com que a guia possa oferecer mais op\u00e7\u00f5es, como a capacidade de selecionar conte\u00fado exclusivo, transmitir esse conte\u00fado para que os funcion\u00e1rios possam ser compartilhado organicamente e medir o impacto do alcance.<\/p>\n<h3>Conhe\u00e7a a guia Eventos e suas funcionalidades<\/h3>\n<p>Diferente da ferramenta Minha Empresa, que tem como objetivo a intera\u00e7\u00e3o maior dos funcion\u00e1rios com a empresa e entre si, a guia Eventos ou Events, tem como foco fazer com que os colaboradores consigam acompanhar os acontecimentos da empresa de forma online.<\/p>\n<p>Por meio dela, ser\u00e1 poss\u00edvel visualizar datas de compromissos como confer\u00eancias virtuais, pain\u00e9is e webinars que ir\u00e3o acontecer ou j\u00e1 aconteceram na empresa. Isso porque, a p\u00e1gina conseguir\u00e1 exibir os eventos que aconteceram no passado, estar\u00e3o acontecendo no momento e futuros eventos.<\/p>\n<p>Al\u00e9m disso, ela estar\u00e1 de f\u00e1cil acesso para os seguidores uma vez que a guia se encontrar\u00e1 no lado esquerdo da p\u00e1gina da empresa.<\/p>\n<h3>Quais as vantagens da nova ferramenta Ver seguidores da p\u00e1gina<\/h3>\n<p>Se antes as empresas podiam apenas acompanhar o n\u00famero de seguidores que possu\u00edam e dados demogr\u00e1ficos gerais dos mesmos, com a cria\u00e7\u00e3o da guia All Followers ou Ver seguidores, agora elas poder\u00e3o ter muito mais informa\u00e7\u00f5es \u00fateis para ajudar as empresas a terem mais detalhes sobre seu p\u00fablico.<\/p>\n<p>Isso porque, a ferramenta permitir\u00e1 que os administradores tenham acessos a informa\u00e7\u00f5es como os membros que est\u00e3o seguindo a p\u00e1gina, permitindo assim que a empresa entenda melhor seu consumidor e possa compartilhar conte\u00fados mais focados para essa comunidade.<\/p>\n<p>Dessa forma, a empresa pode ganhar mais destaque e captar ainda mais um p\u00fablico fiel e direcionado.<\/p>\n<h3>Saiba mais sobre as motiva\u00e7\u00f5es da cria\u00e7\u00e3o das novas ferramentas do LinkedIn<\/h3>\n<p>Tendo como o principal foco a conex\u00e3o e aproxima\u00e7\u00e3o de forma online dos funcion\u00e1rios, o LinkedIn acredita que com a utiliza\u00e7\u00e3o dessas ferramentas, ele ter\u00e1 a oportunidade de reaproximar os funcion\u00e1rios e fazerem com que se sintam mais conectados as empresas.<\/p>\n<p>Isso porque, segundo a <a href=\"https:\/\/www.glintinc.com\/blog\/workplace-connections-begin-to-suffer-how-employees-are-feeling-during-the-pandemic\/\" target=\"_blank\" rel=\"noopener noreferrer\">pesquisa realizada pela empresa Glint<\/a>, os funcion\u00e1rios se sentem cada vez mais distantes de seus colegas de trabalho, e uma boa parte at\u00e9 mesmo de seus l\u00edderes e gerentes. Assim, a comunica\u00e7\u00e3o da empresa com o funcion\u00e1rio acaba se tornando cada vez mais dif\u00edcil e restrita.<\/p>\n<p>Por isso, o LinkedIn acredita que essas novas guias podem facilitar essa comunica\u00e7\u00e3o online, diminuindo o distanciamento virtual dos funcion\u00e1rios entre si.<\/p>\n<h2>Quer saber como ingressar sua empresa no LinkedIn e nas redes sociais?<\/h2>\n<p>Para empresas que est\u00e3o buscando ingressar no meio digital, o recomendado \u00e9 investir em <a href=\"https:\/\/integracaodigital.com.br\/blog\/2019\/01\/31\/como-anunciar-no-linkedin-ads\/\" target=\"_blank\" rel=\"noopener noreferrer\">redes sociais e m\u00eddias pagas<\/a>. Para isso, deve-se contar principalmente com empresas de marketing digital especializadas que possam oferecer o suporte para cria\u00e7\u00e3o e administra\u00e7\u00e3o de campanhas e publica\u00e7\u00f5es.<\/p>\n<p>A Integra\u00e7\u00e3o Digital \u00e9 uma ag\u00eancia de marketing digital que possui experi\u00eancia no trabalho de campanhas nas redes sociais e no Google. Quer saber saber mais? Entre em contato com a empresa.<\/p>\n","protected":false},"excerpt":{"rendered":"<p>Com cada vez mais destaque entre os internautas, principalmente no ramo profissional, o LinkedIn criou novos recursos em sua plataforma com a inten\u00e7\u00e3o de conectar ainda mais empresas e funcion\u00e1rios nesses tempos de pandemia. As novas ferramentas do LinkedIn tem como objetivo principal aproximar os funcion\u00e1rios, uma vez que devido ao novo modelo de trabalho&hellip;<\/p>\n","protected":false},"author":2,"featured_media":1480,"comment_status":"closed","ping_status":"open","sticky":false,"template":"","format":"standard","meta":{"footnotes":""},"categories":[407],"tags":[344,342,343],"class_list":["post-1479","post","type-post","status-publish","format-standard","has-post-thumbnail","hentry","category-redes-sociais","tag-ferramentas-linkedin","tag-guias-linkedin","tag-novas-ferramentas-linkedin"],"yoast_head":"<!-- This site is optimized with the Yoast SEO plugin v27.5 - https:\/\/yoast.com\/product\/yoast-seo-wordpress\/ -->\n<title>Conhe\u00e7a as novas ferramentas do LinkedIn e suas funcionalidades!<\/title>\n<meta name=\"description\" content=\"As novas ferramentas do LinkedIn tem como foco aproximarem empresas e funcion\u00e1rios. Quer saber como elas funcionam? Confira nosso artigo e saiba mais.\" \/>\n<meta name=\"robots\" content=\"index, follow, max-snippet:-1, max-image-preview:large, max-video-preview:-1\" \/>\n<link rel=\"canonical\" href=\"https:\/\/www.integracaodigital.com.br\/blog\/2020\/11\/12\/novas-ferramentas-do-linkedin\/\" \/>\n<meta property=\"og:locale\" content=\"pt_BR\" \/>\n<meta property=\"og:type\" content=\"article\" \/>\n<meta property=\"og:title\" content=\"Conhe\u00e7a as novas ferramentas do LinkedIn e suas funcionalidades!\" \/>\n<meta property=\"og:description\" content=\"As novas ferramentas do LinkedIn tem como foco aproximarem empresas e funcion\u00e1rios. Quer saber como elas funcionam? Confira nosso artigo e saiba mais.\" \/>\n<meta property=\"og:url\" content=\"https:\/\/www.integracaodigital.com.br\/blog\/2020\/11\/12\/novas-ferramentas-do-linkedin\/\" \/>\n<meta property=\"og:site_name\" content=\"Blog - Integra\u00e7\u00e3o Digital\" \/>\n<meta property=\"article:publisher\" content=\"https:\/\/www.facebook.com\/integracaodigital\/\" \/>\n<meta property=\"article:published_time\" content=\"2020-11-12T19:56:25+00:00\" \/>\n<meta property=\"article:modified_time\" content=\"2024-03-14T13:16:45+00:00\" \/>\n<meta property=\"og:image\" content=\"https:\/\/www.integracaodigital.com.br\/blog\/wp-content\/uploads\/2020\/11\/novas-ferramentas-do-linkedin-_facebook.png\" \/>\n\t<meta property=\"og:image:width\" content=\"1275\" \/>\n\t<meta property=\"og:image:height\" content=\"661\" \/>\n\t<meta property=\"og:image:type\" content=\"image\/png\" \/>\n<meta name=\"author\" content=\"Natacha Tressino\" \/>\n<meta name=\"twitter:card\" content=\"summary_large_image\" \/>\n<meta name=\"twitter:label1\" content=\"Escrito por\" \/>\n\t<meta name=\"twitter:data1\" content=\"Natacha Tressino\" \/>\n\t<meta name=\"twitter:label2\" content=\"Est. tempo de leitura\" \/>\n\t<meta name=\"twitter:data2\" content=\"5 minutos\" \/>\n<script type=\"application\/ld+json\" class=\"yoast-schema-graph\">{\"@context\":\"https:\\\/\\\/schema.org\",\"@graph\":[{\"@type\":\"Article\",\"@id\":\"https:\\\/\\\/www.integracaodigital.com.br\\\/blog\\\/2020\\\/11\\\/12\\\/novas-ferramentas-do-linkedin\\\/#article\",\"isPartOf\":{\"@id\":\"https:\\\/\\\/www.integracaodigital.com.br\\\/blog\\\/2020\\\/11\\\/12\\\/novas-ferramentas-do-linkedin\\\/\"},\"author\":{\"name\":\"Natacha Tressino\",\"@id\":\"https:\\\/\\\/www.integracaodigital.com.br\\\/blog\\\/#\\\/schema\\\/person\\\/5953f4e2397d7732fb7e6f8729a3c418\"},\"headline\":\"Conhe\u00e7a as novas ferramentas do LinkedIn e suas funcionalidades!\",\"datePublished\":\"2020-11-12T19:56:25+00:00\",\"dateModified\":\"2024-03-14T13:16:45+00:00\",\"mainEntityOfPage\":{\"@id\":\"https:\\\/\\\/www.integracaodigital.com.br\\\/blog\\\/2020\\\/11\\\/12\\\/novas-ferramentas-do-linkedin\\\/\"},\"wordCount\":865,\"publisher\":{\"@id\":\"https:\\\/\\\/www.integracaodigital.com.br\\\/blog\\\/#organization\"},\"image\":{\"@id\":\"https:\\\/\\\/www.integracaodigital.com.br\\\/blog\\\/2020\\\/11\\\/12\\\/novas-ferramentas-do-linkedin\\\/#primaryimage\"},\"thumbnailUrl\":\"https:\\\/\\\/www.integracaodigital.com.br\\\/blog\\\/wp-content\\\/uploads\\\/2020\\\/11\\\/novas-ferramentas-do-linkedin-_blog-mini.png\",\"keywords\":[\"ferramentas LinkedIn\",\"guias LinkedIn\",\"novas ferramentas LinkedIn\"],\"articleSection\":[\"Redes Sociais\"],\"inLanguage\":\"pt-BR\"},{\"@type\":\"WebPage\",\"@id\":\"https:\\\/\\\/www.integracaodigital.com.br\\\/blog\\\/2020\\\/11\\\/12\\\/novas-ferramentas-do-linkedin\\\/\",\"url\":\"https:\\\/\\\/www.integracaodigital.com.br\\\/blog\\\/2020\\\/11\\\/12\\\/novas-ferramentas-do-linkedin\\\/\",\"name\":\"Conhe\u00e7a as novas ferramentas do LinkedIn e suas funcionalidades!\",\"isPartOf\":{\"@id\":\"https:\\\/\\\/www.integracaodigital.com.br\\\/blog\\\/#website\"},\"primaryImageOfPage\":{\"@id\":\"https:\\\/\\\/www.integracaodigital.com.br\\\/blog\\\/2020\\\/11\\\/12\\\/novas-ferramentas-do-linkedin\\\/#primaryimage\"},\"image\":{\"@id\":\"https:\\\/\\\/www.integracaodigital.com.br\\\/blog\\\/2020\\\/11\\\/12\\\/novas-ferramentas-do-linkedin\\\/#primaryimage\"},\"thumbnailUrl\":\"https:\\\/\\\/www.integracaodigital.com.br\\\/blog\\\/wp-content\\\/uploads\\\/2020\\\/11\\\/novas-ferramentas-do-linkedin-_blog-mini.png\",\"datePublished\":\"2020-11-12T19:56:25+00:00\",\"dateModified\":\"2024-03-14T13:16:45+00:00\",\"description\":\"As novas ferramentas do LinkedIn tem como foco aproximarem empresas e funcion\u00e1rios. Quer saber como elas funcionam? Confira nosso artigo e saiba mais.\",\"breadcrumb\":{\"@id\":\"https:\\\/\\\/www.integracaodigital.com.br\\\/blog\\\/2020\\\/11\\\/12\\\/novas-ferramentas-do-linkedin\\\/#breadcrumb\"},\"inLanguage\":\"pt-BR\",\"potentialAction\":[{\"@type\":\"ReadAction\",\"target\":[\"https:\\\/\\\/www.integracaodigital.com.br\\\/blog\\\/2020\\\/11\\\/12\\\/novas-ferramentas-do-linkedin\\\/\"]}]},{\"@type\":\"ImageObject\",\"inLanguage\":\"pt-BR\",\"@id\":\"https:\\\/\\\/www.integracaodigital.com.br\\\/blog\\\/2020\\\/11\\\/12\\\/novas-ferramentas-do-linkedin\\\/#primaryimage\",\"url\":\"https:\\\/\\\/www.integracaodigital.com.br\\\/blog\\\/wp-content\\\/uploads\\\/2020\\\/11\\\/novas-ferramentas-do-linkedin-_blog-mini.png\",\"contentUrl\":\"https:\\\/\\\/www.integracaodigital.com.br\\\/blog\\\/wp-content\\\/uploads\\\/2020\\\/11\\\/novas-ferramentas-do-linkedin-_blog-mini.png\",\"width\":1050,\"height\":827,\"caption\":\"novas-ferramentas-do-linkedin _blog-mini\"},{\"@type\":\"BreadcrumbList\",\"@id\":\"https:\\\/\\\/www.integracaodigital.com.br\\\/blog\\\/2020\\\/11\\\/12\\\/novas-ferramentas-do-linkedin\\\/#breadcrumb\",\"itemListElement\":[{\"@type\":\"ListItem\",\"position\":1,\"name\":\"Blog\",\"item\":\"https:\\\/\\\/www.integracaodigital.com.br\\\/blog\\\/\"},{\"@type\":\"ListItem\",\"position\":2,\"name\":\"Conhe\u00e7a as novas ferramentas do LinkedIn e suas funcionalidades!\"}]},{\"@type\":\"WebSite\",\"@id\":\"https:\\\/\\\/www.integracaodigital.com.br\\\/blog\\\/#website\",\"url\":\"https:\\\/\\\/www.integracaodigital.com.br\\\/blog\\\/\",\"name\":\"Blog - Integra\u00e7\u00e3o Digital\",\"description\":\"Ag\u00eancia de Marketing Digital\",\"publisher\":{\"@id\":\"https:\\\/\\\/www.integracaodigital.com.br\\\/blog\\\/#organization\"},\"potentialAction\":[{\"@type\":\"SearchAction\",\"target\":{\"@type\":\"EntryPoint\",\"urlTemplate\":\"https:\\\/\\\/www.integracaodigital.com.br\\\/blog\\\/?s={search_term_string}\"},\"query-input\":{\"@type\":\"PropertyValueSpecification\",\"valueRequired\":true,\"valueName\":\"search_term_string\"}}],\"inLanguage\":\"pt-BR\"},{\"@type\":\"Organization\",\"@id\":\"https:\\\/\\\/www.integracaodigital.com.br\\\/blog\\\/#organization\",\"name\":\"Integra\u00e7\u00e3o Digital\",\"url\":\"https:\\\/\\\/www.integracaodigital.com.br\\\/blog\\\/\",\"logo\":{\"@type\":\"ImageObject\",\"inLanguage\":\"pt-BR\",\"@id\":\"https:\\\/\\\/www.integracaodigital.com.br\\\/blog\\\/#\\\/schema\\\/logo\\\/image\\\/\",\"url\":\"https:\\\/\\\/www.integracaodigital.com.br\\\/blog\\\/wp-content\\\/uploads\\\/2020\\\/06\\\/logo-integracao-digital.png\",\"contentUrl\":\"https:\\\/\\\/www.integracaodigital.com.br\\\/blog\\\/wp-content\\\/uploads\\\/2020\\\/06\\\/logo-integracao-digital.png\",\"width\":500,\"height\":487,\"caption\":\"Integra\u00e7\u00e3o Digital\"},\"image\":{\"@id\":\"https:\\\/\\\/www.integracaodigital.com.br\\\/blog\\\/#\\\/schema\\\/logo\\\/image\\\/\"},\"sameAs\":[\"https:\\\/\\\/www.facebook.com\\\/integracaodigital\\\/\",\"https:\\\/\\\/pt.linkedin.com\\\/company\\\/integra\u00e7\u00e3o-digital\",\"https:\\\/\\\/www.instagram.com\\\/integracaodigital\\\/\"]},{\"@type\":\"Person\",\"@id\":\"https:\\\/\\\/www.integracaodigital.com.br\\\/blog\\\/#\\\/schema\\\/person\\\/5953f4e2397d7732fb7e6f8729a3c418\",\"name\":\"Natacha Tressino\",\"image\":{\"@type\":\"ImageObject\",\"inLanguage\":\"pt-BR\",\"@id\":\"https:\\\/\\\/secure.gravatar.com\\\/avatar\\\/014972316ba0803eac53aa79976ccd8e2c149fd2289a80da64834d2fba132bc0?s=96&d=wp_user_avatar&r=g\",\"url\":\"https:\\\/\\\/secure.gravatar.com\\\/avatar\\\/014972316ba0803eac53aa79976ccd8e2c149fd2289a80da64834d2fba132bc0?s=96&d=wp_user_avatar&r=g\",\"contentUrl\":\"https:\\\/\\\/secure.gravatar.com\\\/avatar\\\/014972316ba0803eac53aa79976ccd8e2c149fd2289a80da64834d2fba132bc0?s=96&d=wp_user_avatar&r=g\",\"caption\":\"Natacha Tressino\"},\"description\":\"Sou redatora publicit\u00e1ria, com experi\u00eancia em design e aspirante a UX Writing! Amo os animais e n\u00e3o dispenso um sorvete. Gosto de passeios ao ar livre, teatro, filmes e um bom livro.\",\"url\":\"https:\\\/\\\/www.integracaodigital.com.br\\\/blog\\\/author\\\/natacha-tressino\\\/\"}]}<\/script>\n<!-- \/ Yoast SEO plugin. -->","yoast_head_json":{"title":"Conhe\u00e7a as novas ferramentas do LinkedIn e suas funcionalidades!","description":"As novas ferramentas do LinkedIn tem como foco aproximarem empresas e funcion\u00e1rios. Quer saber como elas funcionam? Confira nosso artigo e saiba mais.","robots":{"index":"index","follow":"follow","max-snippet":"max-snippet:-1","max-image-preview":"max-image-preview:large","max-video-preview":"max-video-preview:-1"},"canonical":"https:\/\/www.integracaodigital.com.br\/blog\/2020\/11\/12\/novas-ferramentas-do-linkedin\/","og_locale":"pt_BR","og_type":"article","og_title":"Conhe\u00e7a as novas ferramentas do LinkedIn e suas funcionalidades!","og_description":"As novas ferramentas do LinkedIn tem como foco aproximarem empresas e funcion\u00e1rios. Quer saber como elas funcionam? Confira nosso artigo e saiba mais.","og_url":"https:\/\/www.integracaodigital.com.br\/blog\/2020\/11\/12\/novas-ferramentas-do-linkedin\/","og_site_name":"Blog - Integra\u00e7\u00e3o Digital","article_publisher":"https:\/\/www.facebook.com\/integracaodigital\/","article_published_time":"2020-11-12T19:56:25+00:00","article_modified_time":"2024-03-14T13:16:45+00:00","og_image":[{"width":1275,"height":661,"url":"https:\/\/www.integracaodigital.com.br\/blog\/wp-content\/uploads\/2020\/11\/novas-ferramentas-do-linkedin-_facebook.png","type":"image\/png"}],"author":"Natacha Tressino","twitter_card":"summary_large_image","twitter_misc":{"Escrito por":"Natacha Tressino","Est. tempo de leitura":"5 minutos"},"schema":{"@context":"https:\/\/schema.org","@graph":[{"@type":"Article","@id":"https:\/\/www.integracaodigital.com.br\/blog\/2020\/11\/12\/novas-ferramentas-do-linkedin\/#article","isPartOf":{"@id":"https:\/\/www.integracaodigital.com.br\/blog\/2020\/11\/12\/novas-ferramentas-do-linkedin\/"},"author":{"name":"Natacha Tressino","@id":"https:\/\/www.integracaodigital.com.br\/blog\/#\/schema\/person\/5953f4e2397d7732fb7e6f8729a3c418"},"headline":"Conhe\u00e7a as novas ferramentas do LinkedIn e suas funcionalidades!","datePublished":"2020-11-12T19:56:25+00:00","dateModified":"2024-03-14T13:16:45+00:00","mainEntityOfPage":{"@id":"https:\/\/www.integracaodigital.com.br\/blog\/2020\/11\/12\/novas-ferramentas-do-linkedin\/"},"wordCount":865,"publisher":{"@id":"https:\/\/www.integracaodigital.com.br\/blog\/#organization"},"image":{"@id":"https:\/\/www.integracaodigital.com.br\/blog\/2020\/11\/12\/novas-ferramentas-do-linkedin\/#primaryimage"},"thumbnailUrl":"https:\/\/www.integracaodigital.com.br\/blog\/wp-content\/uploads\/2020\/11\/novas-ferramentas-do-linkedin-_blog-mini.png","keywords":["ferramentas LinkedIn","guias LinkedIn","novas ferramentas LinkedIn"],"articleSection":["Redes Sociais"],"inLanguage":"pt-BR"},{"@type":"WebPage","@id":"https:\/\/www.integracaodigital.com.br\/blog\/2020\/11\/12\/novas-ferramentas-do-linkedin\/","url":"https:\/\/www.integracaodigital.com.br\/blog\/2020\/11\/12\/novas-ferramentas-do-linkedin\/","name":"Conhe\u00e7a as novas ferramentas do LinkedIn e suas funcionalidades!","isPartOf":{"@id":"https:\/\/www.integracaodigital.com.br\/blog\/#website"},"primaryImageOfPage":{"@id":"https:\/\/www.integracaodigital.com.br\/blog\/2020\/11\/12\/novas-ferramentas-do-linkedin\/#primaryimage"},"image":{"@id":"https:\/\/www.integracaodigital.com.br\/blog\/2020\/11\/12\/novas-ferramentas-do-linkedin\/#primaryimage"},"thumbnailUrl":"https:\/\/www.integracaodigital.com.br\/blog\/wp-content\/uploads\/2020\/11\/novas-ferramentas-do-linkedin-_blog-mini.png","datePublished":"2020-11-12T19:56:25+00:00","dateModified":"2024-03-14T13:16:45+00:00","description":"As novas ferramentas do LinkedIn tem como foco aproximarem empresas e funcion\u00e1rios. Quer saber como elas funcionam? Confira nosso artigo e saiba mais.","breadcrumb":{"@id":"https:\/\/www.integracaodigital.com.br\/blog\/2020\/11\/12\/novas-ferramentas-do-linkedin\/#breadcrumb"},"inLanguage":"pt-BR","potentialAction":[{"@type":"ReadAction","target":["https:\/\/www.integracaodigital.com.br\/blog\/2020\/11\/12\/novas-ferramentas-do-linkedin\/"]}]},{"@type":"ImageObject","inLanguage":"pt-BR","@id":"https:\/\/www.integracaodigital.com.br\/blog\/2020\/11\/12\/novas-ferramentas-do-linkedin\/#primaryimage","url":"https:\/\/www.integracaodigital.com.br\/blog\/wp-content\/uploads\/2020\/11\/novas-ferramentas-do-linkedin-_blog-mini.png","contentUrl":"https:\/\/www.integracaodigital.com.br\/blog\/wp-content\/uploads\/2020\/11\/novas-ferramentas-do-linkedin-_blog-mini.png","width":1050,"height":827,"caption":"novas-ferramentas-do-linkedin _blog-mini"},{"@type":"BreadcrumbList","@id":"https:\/\/www.integracaodigital.com.br\/blog\/2020\/11\/12\/novas-ferramentas-do-linkedin\/#breadcrumb","itemListElement":[{"@type":"ListItem","position":1,"name":"Blog","item":"https:\/\/www.integracaodigital.com.br\/blog\/"},{"@type":"ListItem","position":2,"name":"Conhe\u00e7a as novas ferramentas do LinkedIn e suas funcionalidades!"}]},{"@type":"WebSite","@id":"https:\/\/www.integracaodigital.com.br\/blog\/#website","url":"https:\/\/www.integracaodigital.com.br\/blog\/","name":"Blog - Integra\u00e7\u00e3o Digital","description":"Ag\u00eancia de Marketing Digital","publisher":{"@id":"https:\/\/www.integracaodigital.com.br\/blog\/#organization"},"potentialAction":[{"@type":"SearchAction","target":{"@type":"EntryPoint","urlTemplate":"https:\/\/www.integracaodigital.com.br\/blog\/?s={search_term_string}"},"query-input":{"@type":"PropertyValueSpecification","valueRequired":true,"valueName":"search_term_string"}}],"inLanguage":"pt-BR"},{"@type":"Organization","@id":"https:\/\/www.integracaodigital.com.br\/blog\/#organization","name":"Integra\u00e7\u00e3o Digital","url":"https:\/\/www.integracaodigital.com.br\/blog\/","logo":{"@type":"ImageObject","inLanguage":"pt-BR","@id":"https:\/\/www.integracaodigital.com.br\/blog\/#\/schema\/logo\/image\/","url":"https:\/\/www.integracaodigital.com.br\/blog\/wp-content\/uploads\/2020\/06\/logo-integracao-digital.png","contentUrl":"https:\/\/www.integracaodigital.com.br\/blog\/wp-content\/uploads\/2020\/06\/logo-integracao-digital.png","width":500,"height":487,"caption":"Integra\u00e7\u00e3o Digital"},"image":{"@id":"https:\/\/www.integracaodigital.com.br\/blog\/#\/schema\/logo\/image\/"},"sameAs":["https:\/\/www.facebook.com\/integracaodigital\/","https:\/\/pt.linkedin.com\/company\/integra\u00e7\u00e3o-digital","https:\/\/www.instagram.com\/integracaodigital\/"]},{"@type":"Person","@id":"https:\/\/www.integracaodigital.com.br\/blog\/#\/schema\/person\/5953f4e2397d7732fb7e6f8729a3c418","name":"Natacha Tressino","image":{"@type":"ImageObject","inLanguage":"pt-BR","@id":"https:\/\/secure.gravatar.com\/avatar\/014972316ba0803eac53aa79976ccd8e2c149fd2289a80da64834d2fba132bc0?s=96&d=wp_user_avatar&r=g","url":"https:\/\/secure.gravatar.com\/avatar\/014972316ba0803eac53aa79976ccd8e2c149fd2289a80da64834d2fba132bc0?s=96&d=wp_user_avatar&r=g","contentUrl":"https:\/\/secure.gravatar.com\/avatar\/014972316ba0803eac53aa79976ccd8e2c149fd2289a80da64834d2fba132bc0?s=96&d=wp_user_avatar&r=g","caption":"Natacha Tressino"},"description":"Sou redatora publicit\u00e1ria, com experi\u00eancia em design e aspirante a UX Writing! Amo os animais e n\u00e3o dispenso um sorvete. Gosto de passeios ao ar livre, teatro, filmes e um bom livro.","url":"https:\/\/www.integracaodigital.com.br\/blog\/author\/natacha-tressino\/"}]}},"_links":{"self":[{"href":"https:\/\/www.integracaodigital.com.br\/blog\/wp-json\/wp\/v2\/posts\/1479","targetHints":{"allow":["GET"]}}],"collection":[{"href":"https:\/\/www.integracaodigital.com.br\/blog\/wp-json\/wp\/v2\/posts"}],"about":[{"href":"https:\/\/www.integracaodigital.com.br\/blog\/wp-json\/wp\/v2\/types\/post"}],"author":[{"embeddable":true,"href":"https:\/\/www.integracaodigital.com.br\/blog\/wp-json\/wp\/v2\/users\/2"}],"replies":[{"embeddable":true,"href":"https:\/\/www.integracaodigital.com.br\/blog\/wp-json\/wp\/v2\/comments?post=1479"}],"version-history":[{"count":1,"href":"https:\/\/www.integracaodigital.com.br\/blog\/wp-json\/wp\/v2\/posts\/1479\/revisions"}],"predecessor-version":[{"id":2516,"href":"https:\/\/www.integracaodigital.com.br\/blog\/wp-json\/wp\/v2\/posts\/1479\/revisions\/2516"}],"wp:featuredmedia":[{"embeddable":true,"href":"https:\/\/www.integracaodigital.com.br\/blog\/wp-json\/wp\/v2\/media\/1480"}],"wp:attachment":[{"href":"https:\/\/www.integracaodigital.com.br\/blog\/wp-json\/wp\/v2\/media?parent=1479"}],"wp:term":[{"taxonomy":"category","embeddable":true,"href":"https:\/\/www.integracaodigital.com.br\/blog\/wp-json\/wp\/v2\/categories?post=1479"},{"taxonomy":"post_tag","embeddable":true,"href":"https:\/\/www.integracaodigital.com.br\/blog\/wp-json\/wp\/v2\/tags?post=1479"}],"curies":[{"name":"wp","href":"https:\/\/api.w.org\/{rel}","templated":true}]}}