{"id":2247,"date":"2022-08-17T12:19:11","date_gmt":"2022-08-17T15:19:11","guid":{"rendered":"https:\/\/integracaodigital.com.br\/blog\/?p=2247"},"modified":"2024-03-14T10:16:40","modified_gmt":"2024-03-14T13:16:40","slug":"qual-e-a-importancia-das-redes-sociais","status":"publish","type":"post","link":"https:\/\/www.integracaodigital.com.br\/blog\/2022\/08\/17\/qual-e-a-importancia-das-redes-sociais\/","title":{"rendered":"Qual \u00e9 a import\u00e2ncia das redes sociais?"},"content":{"rendered":"<p><img decoding=\"async\" class=\"aligncenter size-full wp-image-2254\" src=\"https:\/\/integracaodigital.com.br\/blog\/wp-content\/uploads\/2022\/08\/Blog-post-1-1.png\" alt=\"Qual \u00e9 a import\u00e2ncia das redes sociais?\" width=\"1140\" height=\"554\" srcset=\"https:\/\/www.integracaodigital.com.br\/blog\/wp-content\/uploads\/2022\/08\/Blog-post-1-1.png 1140w, https:\/\/www.integracaodigital.com.br\/blog\/wp-content\/uploads\/2022\/08\/Blog-post-1-1-300x146.png 300w, https:\/\/www.integracaodigital.com.br\/blog\/wp-content\/uploads\/2022\/08\/Blog-post-1-1-1024x498.png 1024w, https:\/\/www.integracaodigital.com.br\/blog\/wp-content\/uploads\/2022\/08\/Blog-post-1-1-768x373.png 768w, https:\/\/www.integracaodigital.com.br\/blog\/wp-content\/uploads\/2022\/08\/Blog-post-1-1-650x316.png 650w, https:\/\/www.integracaodigital.com.br\/blog\/wp-content\/uploads\/2022\/08\/Blog-post-1-1-440x214.png 440w\" sizes=\"(max-width: 1140px) 100vw, 1140px\" \/><\/p>\n<p><span style=\"font-weight: 400;\">As redes sociais servem para conectar pessoas, organiza\u00e7\u00f5es ou grupos para interagirem entre si. Com o fortalecimento da era digital, essas redes se tornaram o principal meio de entretenimento, relacionamento, fortalecimento de nichos e network. Sendo assim, as plataformas conhecidas como Facebook, WhatsApp, Instagram, Twitter, entre outras, s\u00e3o muito usadas por empresas para vender seus produtos e servi\u00e7os.<\/span><\/p>\n<p><span style=\"font-weight: 400;\">Nestes dois \u00faltimos anos, as redes sociais ganharam ainda mais for\u00e7a e s\u00f3 crescem a cada dia. E tanto os consumidores quanto as empresas passaram a usar muito mais as redes sociais, os sites de vendas online e os aplicativos de delivery, como ferramentas de trabalho. Desse modo, marcas se conectam com seus clientes e divulgam seus produtos de forma barata e com grande alcance.<\/span><\/p>\n<p><span style=\"font-weight: 400;\">Neste artigo, voc\u00ea conhecer\u00e1 a import\u00e2ncia das redes sociais para empresas, assim como suas vantagens e dicas de como usar esses canais para aumentar a visibilidade do seu neg\u00f3cio. Leia o artigo at\u00e9 o final!<\/span><\/p>\n<h2><b>Quais as vantagens das redes sociais para empresas?<\/b><\/h2>\n<p><span style=\"font-weight: 400;\">Muitas s\u00e3o as vantagens em utilizar as redes sociais, entre elas:\u00a0<\/span><\/p>\n<ul>\n<li style=\"font-weight: 400;\"><span style=\"font-weight: 400;\">Aumentar a visibilidade da marca.<\/span><\/li>\n<li style=\"font-weight: 400;\"><span style=\"font-weight: 400;\">Construir relacionamento com o cliente.<\/span><\/li>\n<li style=\"font-weight: 400;\"><span style=\"font-weight: 400;\">Promover o seu engajamento.<\/span><\/li>\n<li style=\"font-weight: 400;\"><span style=\"font-weight: 400;\">Melhorar o posicionamento da empresa.<\/span><\/li>\n<li style=\"font-weight: 400;\"><span style=\"font-weight: 400;\">Aumentar o tr\u00e1fego para outros canais.<\/span><\/li>\n<li style=\"font-weight: 400;\"><span style=\"font-weight: 400;\">Construir uma base com clientes fi\u00e9is, entre outras vantagens.\u00a0\u00a0<\/span><\/li>\n<\/ul>\n<h3><b>Aumentar a visibilidade da sua marca<\/b><\/h3>\n<p><span style=\"font-weight: 400;\">As empresas est\u00e3o investindo, cada vez mais, no <a href=\"https:\/\/www.integracaodigital.com.br\/blog\/2023\/12\/22\/marketing-digital\/\">marketing digital<\/a> para aumentar a visibilidade da sua marca. O chamado branding, que s\u00e3o a\u00e7\u00f5es como uso de imagens, slogans, s\u00edmbolos, logotipos e outras identidades visuais para chamar aten\u00e7\u00e3o dos consumidores, levando sua marca ao seu conhecimento.<\/span><\/p>\n<p><span style=\"font-weight: 400;\">As redes sociais s\u00e3o canais important\u00edssimos para ganhar visibilidade, seja fazendo propaganda ou investindo em an\u00fancios para que suas publica\u00e7\u00f5es atinjam cada vez mais pessoas de todas as localidades.<\/span><\/p>\n<h3><b>Construir relacionamento com os clientes<\/b><\/h3>\n<p><span style=\"font-weight: 400;\">Ao conquistar clientes com o aumento da visibilidade, \u00e9 necess\u00e1rio construir um relacionamento com eles e nada melhor que as redes sociais para isso, estes s\u00e3o \u00f3timos canais de relacionamento com o p\u00fablico fiel. Dessa forma, voc\u00ea ter\u00e1 maior proximidade com seus clientes e conhecer\u00e1 a opini\u00e3o deles.<\/span><\/p>\n<p><span style=\"font-weight: 400;\">E para isso, existem v\u00e1rias plataformas, desde as mais conhecidas aos mais fechados, como os grupos de Facebook, nos quais voc\u00ea ter\u00e1 total controle e certeza de que est\u00e1 se comunicando apenas com clientes em potencial.\u00a0<\/span><\/p>\n<h3><b>Trabalhar o posicionamento da marca<\/b><\/h3>\n<p><span style=\"font-weight: 400;\">O posicionamento de uma marca nas redes sociais \u00e9 de suma import\u00e2ncia para que a empresa conquiste mais vantagens no mercado. Atualmente, as marcas podem ser comparadas \u00e0s pessoas. Assim como cada uma tem sua personalidade, estilo, opini\u00e3o, ideologias e gostos, as marcas tamb\u00e9m podem ser alegres, antiquadas, engra\u00e7adas e ultrapassadas.<\/span><\/p>\n<p><span style=\"font-weight: 400;\">Trabalhar a forma como a marca se posiciona nas redes sociais, influencia o modo como os consumidores veem a sua performance no geral. Por este motivo, \u00e9 importante criar estrat\u00e9gias para ter uma boa imagem.<\/span><\/p>\n<h3><b>Melhorar o engajamento<\/b><\/h3>\n<p><span style=\"font-weight: 400;\">Engajamento nas redes sociais significa que as pessoas est\u00e3o interagindo com os perfis das marcas e suas publica\u00e7\u00f5es. Como exemplos, clicando em suas p\u00e1ginas, curtindo, comentando, compartilhando, salvando a publica\u00e7\u00e3o, fazendo men\u00e7\u00f5es, enviando mensagens diretas, enviando emojis e por a\u00ed vai.<\/span><\/p>\n<p><span style=\"font-weight: 400;\">Portanto, melhorar o engajamento da empresa nas redes sociais \u00e9 de suma import\u00e2ncia, porque mant\u00e9m os clientes atuais e conquistam novos. Isso porque, clientes engajados indicam a outros e at\u00e9 defendem a empresa nas redes sociais. E tudo isso, estimulados pela pr\u00f3pria marca quando esta utiliza gatilhos mentais.\u00a0<\/span><\/p>\n<h3><b>Construir uma base de clientes fi\u00e9is<\/b><\/h3>\n<p><span style=\"font-weight: 400;\">Ter uma base de clientes fi\u00e9is, vai muito al\u00e9m do engajamento da marca com seu p\u00fablico. Ao monitorar as redes sociais voc\u00ea consegue perceber a qualidade, o melhor funcionamento da marca e criar, em cima disso, um plano de a\u00e7\u00e3o voltado para os clientes consumidores do seu produto e que interagem de forma positiva, os chamados: <\/span><i><span style=\"font-weight: 400;\">brand lovers.<\/span><\/i><\/p>\n<p><span style=\"font-weight: 400;\">Os <\/span><i><span style=\"font-weight: 400;\">brand lovers<\/span><\/i><span style=\"font-weight: 400;\"> s\u00e3o os amantes das marcas que t\u00eam uma rela\u00e7\u00e3o que vai al\u00e9m da compra e venda. S\u00e3o marcas que ganham o cora\u00e7\u00e3o do consumidor, oferecem senso de comunidade, refletem sua identidade e traduzem o estilo de vida. \u00c9 o famoso, \u201camo muito tudo isso\u201d.<\/span><\/p>\n<h3><b>Gerar tr\u00e1fego para outros canais<\/b><\/h3>\n<p><span style=\"font-weight: 400;\">As redes sociais tamb\u00e9m servem para gerar tr\u00e1fego para outros canais da marca, como blog, e-commerce, site e outros. E para isso, \u00e9 necess\u00e1rio que use essas plataformas de maneira inteligente, aliando outras a\u00e7\u00f5es de marketing digital. Isso, combinado com a execu\u00e7\u00e3o de um trabalho que complemente e proporcione o aumento das convers\u00f5es.<\/span><\/p>\n<p><span style=\"font-weight: 400;\">Gerar tr\u00e1fego \u00e9 estabelecer relacionamentos, dialogar com seu p\u00fablico-alvo, segmentar a audi\u00eancia e atrair leads. E para melhorar o tr\u00e1fego org\u00e2nico, voc\u00ea precisa investir em SEO, criar conte\u00fados relevantes e de qualidade, publicar nas redes sociais e engajar a audi\u00eancia.<\/span><\/p>\n<h3><b>Acompanhar as tend\u00eancias<\/b><\/h3>\n<p><span style=\"font-weight: 400;\">Acompanhar as tend\u00eancias das redes sociais pode alavancar sua marca e seus neg\u00f3cios, nos tempos atuais. Existem v\u00e1rias tend\u00eancias que podem ser seguidas pelas marcas para obter bons resultados com o seu p\u00fablico.\u00a0<\/span><\/p>\n<p><span style=\"font-weight: 400;\">Nos \u00faltimos anos, as pessoas est\u00e3o mais na internet consumindo on-line, e isso mudou a comunica\u00e7\u00e3o entre consumidores e marcas. Por isso, a resposta est\u00e1 sendo imediata, seja positiva ou negativa. Com as redes sociais os clientes podem dar feedbacks, por meio de coment\u00e1rios e compartilhar uma postagem da marca elogiando ou n\u00e3o.\u00a0<\/span><\/p>\n<p><span style=\"font-weight: 400;\">Por este motivo, \u00e9 importante entender o seu p\u00fablico-alvo e acompanhar as tend\u00eancias da atualidade para impactar o seu cliente de forma positiva e alcan\u00e7ar seus objetivos.<\/span><\/p>\n<h2><b>Dicas de como gerenciar as redes sociais<\/b><\/h2>\n<p><span style=\"font-weight: 400;\">Veja agora as dicas de como gerenciar e se posicionar nas redes sociais, como:\u00a0<\/span><\/p>\n<ul>\n<li style=\"font-weight: 400;\"><span style=\"font-weight: 400;\">Usar bons aparelhos para gerenciar as redes sociais.<\/span><\/li>\n<li style=\"font-weight: 400;\"><span style=\"font-weight: 400;\">Escolher em quais redes sociais voc\u00ea quer atuar.<\/span><\/li>\n<li style=\"font-weight: 400;\"><span style=\"font-weight: 400;\">Definir um objetivo para sua rede social e muito mais.<\/span><\/li>\n<\/ul>\n<h3><b>Tenha bons aparelhos para gerenciar as redes sociais<\/b><\/h3>\n<p><span style=\"font-weight: 400;\">Para que voc\u00ea possa gerenciar as redes sociais, precisa ter em m\u00e3os equipamentos de qualidade, como um bom celular: Android ou iPhone. Caso tenha interesse em conhecer mais sobre celulares para trabalho, confira <\/span><a href=\"https:\/\/portalvidalivre.com\/articles\/2272\" target=\"_blank\" rel=\"noopener noreferrer\"><span style=\"font-weight: 400;\">os 10 melhores celulares para trabalho<\/span><\/a><span style=\"font-weight: 400;\">.<\/span><\/p>\n<p><span style=\"font-weight: 400;\">Dependendo do tipo de uso, um notebook de qualidade que tenha capacidade de mem\u00f3ria para armazenamento de dados suficiente e uma internet com velocidade alta se torna necess\u00e1rio. Confira tamb\u00e9m uma lista com <\/span><a href=\"https:\/\/portalvidalivre.com\/articles\/1166\" target=\"_blank\" rel=\"noopener noreferrer\"><span style=\"font-weight: 400;\">os melhores notebooks<\/span><\/a><span style=\"font-weight: 400;\">.\u00a0<\/span><\/p>\n<p><span style=\"font-weight: 400;\">Ter esses aparelhos permite a voc\u00ea programar posts, responder ou comentar mensagens e impulsionar determinadas publica\u00e7\u00f5es e, at\u00e9 ter acesso a relat\u00f3rios com as m\u00e9tricas dos resultados de forma r\u00e1pida e eficiente.<\/span><\/p>\n<h3><b>Escolha em quais redes sociais atuar<\/b><\/h3>\n<p><span style=\"font-weight: 400;\">Escolher as redes sociais que voc\u00ea quer utilizar para propagar a sua marca e seus produtos exige conhecimento das plataformas, como Instagram, Facebook, Youtube, Pinterest, Tik Tok, Whatsapp, Twitter, entre outras. Voc\u00ea precisa entender quem \u00e9 o seu p\u00fablico e como se comportam nas redes, al\u00e9m de estudar a mec\u00e2nica de cada uma delas.<\/span><\/p>\n<p><span style=\"font-weight: 400;\">Mas, se voc\u00ea est\u00e1 come\u00e7ando agora, \u00e9 recomendado que verifique em quais redes sociais seus concorrentes se encontram para dar o primeiro passo.\u00a0<\/span><\/p>\n<h3><b>Defina um objetivo para sua rede social<\/b><\/h3>\n<p><span style=\"font-weight: 400;\">\u00c9<\/span> <span style=\"font-weight: 400;\">necess\u00e1rio ter em mente quais objetivos de marketing voc\u00ea quer alcan\u00e7ar para, assim, ter resultados nas redes sociais. Essas redes facilitam muito a medida de qualquer a\u00e7\u00e3o, mas \u00e9 preciso que voc\u00ea defina qual objetivo da marca; os KPIs <\/span><span style=\"font-weight: 400;\">\u2014 <\/span><span style=\"font-weight: 400;\">que s\u00e3o os indicadores-chave de performance <\/span><span style=\"font-weight: 400;\">\u2014<\/span><span style=\"font-weight: 400;\">; e uma ferramenta de gest\u00e3o para medir o n\u00edvel de desempenho e o sucesso de uma organiza\u00e7\u00e3o.<\/span><\/p>\n<p><span style=\"font-weight: 400;\">E isso ser\u00e1 acompanhado para conseguir analisar as m\u00e9tricas de marketing digital que levar\u00e3o a atingir suas metas. \u00c9 importante n\u00e3o se prender \u00e0s m\u00e9tricas de curtidas e de seguidores, pois n\u00e3o s\u00e3o determinantes para o sucesso de uma a\u00e7\u00e3o.<\/span><\/p>\n<h3><b>Produza conte\u00fado que passe a mensagem da marca<\/b><\/h3>\n<p><span style=\"font-weight: 400;\">A produ\u00e7\u00e3o de conte\u00fado \u00e9 uma estrat\u00e9gia que se cria e distribui materiais em \u00e1udio, v\u00eddeo e textos, como artigos de blog, e-books e v\u00eddeos, por exemplo, usados por empresas que investem em marketing digital. Fatores como originalidade e personaliza\u00e7\u00e3o s\u00e3o importantes para diferenciar a sua marca dos concorrentes.\u00a0<\/span><\/p>\n<p><span style=\"font-weight: 400;\">Crie conte\u00fados que mostrem os pontos fortes da sua empresa e que destaque os seus diferenciais. Assim, voc\u00ea ganhar\u00e1 mais visibilidade e se distanciar\u00e1 dos concorrentes. Isso, desde que os seus conte\u00fados sejam naturais e n\u00e3o pare\u00e7am argumentos de venda e nem for\u00e7a\u00e7\u00e3o de barra.<\/span><\/p>\n<h3><b>Estabele\u00e7a uma linguagem de comunica\u00e7\u00e3o<\/b><\/h3>\n<p><span style=\"font-weight: 400;\">\u00c9 importante que as redes sociais sejam uma extens\u00e3o da personalidade, de voz e tom da sua marca. O tom que voc\u00ea usa para escrever a legenda de um post, por exemplo, deve respeitar sempre a forma como sua marca conversa com seu p\u00fablico e suas caracter\u00edsticas.\u00a0<\/span><\/p>\n<p><span style=\"font-weight: 400;\">Se voc\u00ea tem um p\u00fablico mais jovem, a linguagem deve ser mais leve, descontra\u00edda, usando memes e g\u00edrias. E se o seu p\u00fablico for de pessoas com forma\u00e7\u00e3o em algum curso superior, a comunica\u00e7\u00e3o com eles, deve ser de acordo e assim sucessivamente.<\/span><\/p>\n<h3><b>Fa\u00e7a a\u00e7\u00f5es com foco no crescimento de seguidores<\/b><\/h3>\n<p><span style=\"font-weight: 400;\">Antes de colocar em pr\u00e1tica as estrat\u00e9gias com foco nos principais objetivos, voc\u00ea deve saber lidar com uma grande audi\u00eancia. Nas redes sociais, est\u00e3o empresas com diferentes perfis, e voc\u00ea precisa reconhec\u00ea-los e aprender a se destacar.\u00a0<\/span><\/p>\n<p><span style=\"font-weight: 400;\">E para se destacar, \u00e9 necess\u00e1rio ter no plano de marketing, a\u00e7\u00f5es voltadas para aumentar o n\u00famero de seguidores. Isso requer que voc\u00ea conhe\u00e7a muito o seu p\u00fablico, que voc\u00ea seja diferente dos seus concorrentes e inove nos conte\u00fados.<\/span><\/p>\n<h3><b>Se posicione em quest\u00f5es sociais relacionadas aos seus valores<\/b><\/h3>\n<p><span style=\"font-weight: 400;\">Nas redes sociais, os seguidores se identificam com a marca porque gostam do seu estilo e dos seus valores, e n\u00e3o porque est\u00e3o buscando apenas seus produtos e servi\u00e7os. As pessoas esperam saber as causas que sua empresa apoia, querem conhecer o seu posicionamento e entender como a marca lida com quest\u00f5es do mercado.<\/span><\/p>\n<p><span style=\"font-weight: 400;\">H\u00e1 v\u00e1rias formas de se posicionar nas redes sociais e uma delas \u00e9 acompanhar a tend\u00eancia. Saber quais as tend\u00eancias mais importantes para o nicho ou para a cultura da marca e fazer o planejamento de uma comunica\u00e7\u00e3o adequada sobre o tema. Dessa forma, a empresa criar\u00e1 uma identidade definida e atrair\u00e1 o p\u00fablico mais qualificado.<\/span><\/p>\n<h3><b>Fa\u00e7a posts regularmente para manter a comunica\u00e7\u00e3o<\/b><\/h3>\n<p><span style=\"font-weight: 400;\">\u00c9 essencial que voc\u00ea fa\u00e7a postagens recorrentes para manter a rede social da sua empresa ativa, pois, n\u00e3o adianta criar um perfil e n\u00e3o postar nada. Mas, n\u00e3o d\u00e1 para postar qualquer coisa! Criar conte\u00fado relevante para as redes sociais exige estrat\u00e9gia e planejamento.<\/span><\/p>\n<p><span style=\"font-weight: 400;\">Para que as pessoas sigam sua marca, voc\u00ea precisa falar sobre assuntos que interessem, gerem conex\u00e3o e agreguem valor \u00e0 elas. Para isso \u00e9 importante estabelecer uma rotina de publica\u00e7\u00f5es. No Instagram, por exemplo, foi conclu\u00eddo que quanto mais voc\u00ea posta, mais seguidores voc\u00ea ganha.<\/span><\/p>\n<p><span style=\"font-weight: 400;\">Tamb\u00e9m, al\u00e9m de melhorar seus n\u00fameros no Instagram, manter uma frequ\u00eancia de posts pode contribuir para aumentar o reconhecimento da sua marca como uma fonte \u00fatil e valiosa de informa\u00e7\u00f5es. O que te ajudar\u00e1 a construir uma comunidade mais forte com o seu p\u00fablico.<\/span><\/p>\n<h2><b>Utilize as dicas para melhorar a visibilidade da sua marca nas redes sociais!<\/b><\/h2>\n<p><span style=\"font-weight: 400;\">Como voc\u00ea p\u00f4de ver neste artigo, as redes sociais nos dias de hoje est\u00e3o cada vez mais inseridas na vida das pessoas e das empresas para divulgar servi\u00e7os e marcas. Elas proporcionam a proximidade com o p\u00fablico, garantindo um crescimento expressivo para os empreendimentos.<\/span><\/p>\n<p><span style=\"font-weight: 400;\">Voc\u00ea viu tamb\u00e9m como utilizar as redes sociais para promover o seu neg\u00f3cio. E que existem v\u00e1rios fatores que podem interferir ou alavancar essa promo\u00e7\u00e3o, como:\u00a0<\/span><\/p>\n<ul>\n<li style=\"font-weight: 400;\"><span style=\"font-weight: 400;\">Disseminar bons conte\u00fados nas redes.\u00a0<\/span><\/li>\n<li style=\"font-weight: 400;\"><span style=\"font-weight: 400;\">Acompanhar os indicadores das redes sociais.<\/span><\/li>\n<li style=\"font-weight: 400;\"><span style=\"font-weight: 400;\">Interagir constantemente com os seguidores.<\/span><\/li>\n<li style=\"font-weight: 400;\"><span style=\"font-weight: 400;\">Veicular an\u00fancios usando ferramentas de publicidade paga, entre outros fatores.\u00a0<\/span><\/li>\n<\/ul>\n<p><span style=\"font-weight: 400;\">Soube quais as vantagens das redes sociais para as empresas, tais como:\u00a0<\/span><\/p>\n<ul>\n<li style=\"font-weight: 400;\"><span style=\"font-weight: 400;\">Aumentar a visibilidade da sua marca.<\/span><\/li>\n<li style=\"font-weight: 400;\"><span style=\"font-weight: 400;\">Construir um relacionamento com os clientes, dessa forma ir\u00e1 melhorar o engajamento e construir uma base de clientes fi\u00e9is.<\/span><\/li>\n<li style=\"font-weight: 400;\"><span style=\"font-weight: 400;\">Acompanhar as tend\u00eancias \u00e9 muito importante.<\/span><\/li>\n<\/ul>\n<p><span style=\"font-weight: 400;\">Ent\u00e3o, utilize todas essas dicas para ter uma melhor visibilidade da sua marca nas redes sociais e bons neg\u00f3cios!<\/span><\/p>\n","protected":false},"excerpt":{"rendered":"<p>As redes sociais servem para conectar pessoas, organiza\u00e7\u00f5es ou grupos para interagirem entre si. Com o fortalecimento da era digital, essas redes se tornaram o principal meio de entretenimento, relacionamento, fortalecimento de nichos e network. Sendo assim, as plataformas conhecidas como Facebook, WhatsApp, Instagram, Twitter, entre outras, s\u00e3o muito usadas por empresas para vender seus&hellip;<\/p>\n","protected":false},"author":2,"featured_media":2253,"comment_status":"closed","ping_status":"open","sticky":false,"template":"","format":"standard","meta":{"footnotes":""},"categories":[1],"tags":[51,12,29],"class_list":["post-2247","post","type-post","status-publish","format-standard","has-post-thumbnail","hentry","category-sem-categoria","tag-marketing","tag-marketing-digital","tag-redes-sociais"],"yoast_head":"<!-- This site is optimized with the Yoast SEO plugin v27.4 - https:\/\/yoast.com\/product\/yoast-seo-wordpress\/ -->\n<title>Qual \u00e9 a import\u00e2ncia das Redes Sociais? Blog - Integra\u00e7\u00e3o Digital<\/title>\n<meta name=\"description\" content=\"Qual \u00e9 a import\u00e2ncia das redes sociais? Descubra mais sobre esse assunto e como as redes sociais podem beneficiar o seu neg\u00f3cio!\" \/>\n<meta name=\"robots\" content=\"index, follow, max-snippet:-1, max-image-preview:large, max-video-preview:-1\" \/>\n<link rel=\"canonical\" href=\"https:\/\/www.integracaodigital.com.br\/blog\/2022\/08\/17\/qual-e-a-importancia-das-redes-sociais\/\" \/>\n<meta property=\"og:locale\" content=\"pt_BR\" \/>\n<meta property=\"og:type\" content=\"article\" \/>\n<meta property=\"og:title\" content=\"Qual \u00e9 a import\u00e2ncia das Redes Sociais? Blog - Integra\u00e7\u00e3o Digital\" \/>\n<meta property=\"og:description\" content=\"Qual \u00e9 a import\u00e2ncia das redes sociais? Descubra mais sobre esse assunto e como as redes sociais podem beneficiar o seu neg\u00f3cio!\" \/>\n<meta property=\"og:url\" content=\"https:\/\/www.integracaodigital.com.br\/blog\/2022\/08\/17\/qual-e-a-importancia-das-redes-sociais\/\" \/>\n<meta property=\"og:site_name\" content=\"Blog - Integra\u00e7\u00e3o Digital\" \/>\n<meta property=\"article:publisher\" content=\"https:\/\/www.facebook.com\/integracaodigital\/\" \/>\n<meta property=\"article:published_time\" content=\"2022-08-17T15:19:11+00:00\" \/>\n<meta property=\"article:modified_time\" content=\"2024-03-14T13:16:40+00:00\" \/>\n<meta property=\"og:image\" content=\"https:\/\/www.integracaodigital.com.br\/blog\/wp-content\/uploads\/2022\/08\/Blog-miniatura-1.png\" \/>\n\t<meta property=\"og:image:width\" content=\"1000\" \/>\n\t<meta property=\"og:image:height\" content=\"760\" \/>\n\t<meta property=\"og:image:type\" content=\"image\/png\" \/>\n<meta name=\"author\" content=\"Natacha Tressino\" \/>\n<meta name=\"twitter:card\" content=\"summary_large_image\" \/>\n<meta name=\"twitter:label1\" content=\"Escrito por\" \/>\n\t<meta name=\"twitter:data1\" content=\"Natacha Tressino\" \/>\n\t<meta name=\"twitter:label2\" content=\"Est. tempo de leitura\" \/>\n\t<meta name=\"twitter:data2\" content=\"11 minutos\" \/>\n<script type=\"application\/ld+json\" class=\"yoast-schema-graph\">{\"@context\":\"https:\\\/\\\/schema.org\",\"@graph\":[{\"@type\":\"Article\",\"@id\":\"https:\\\/\\\/www.integracaodigital.com.br\\\/blog\\\/2022\\\/08\\\/17\\\/qual-e-a-importancia-das-redes-sociais\\\/#article\",\"isPartOf\":{\"@id\":\"https:\\\/\\\/www.integracaodigital.com.br\\\/blog\\\/2022\\\/08\\\/17\\\/qual-e-a-importancia-das-redes-sociais\\\/\"},\"author\":{\"name\":\"Natacha Tressino\",\"@id\":\"https:\\\/\\\/www.integracaodigital.com.br\\\/blog\\\/#\\\/schema\\\/person\\\/5953f4e2397d7732fb7e6f8729a3c418\"},\"headline\":\"Qual \u00e9 a import\u00e2ncia das redes sociais?\",\"datePublished\":\"2022-08-17T15:19:11+00:00\",\"dateModified\":\"2024-03-14T13:16:40+00:00\",\"mainEntityOfPage\":{\"@id\":\"https:\\\/\\\/www.integracaodigital.com.br\\\/blog\\\/2022\\\/08\\\/17\\\/qual-e-a-importancia-das-redes-sociais\\\/\"},\"wordCount\":2118,\"publisher\":{\"@id\":\"https:\\\/\\\/www.integracaodigital.com.br\\\/blog\\\/#organization\"},\"image\":{\"@id\":\"https:\\\/\\\/www.integracaodigital.com.br\\\/blog\\\/2022\\\/08\\\/17\\\/qual-e-a-importancia-das-redes-sociais\\\/#primaryimage\"},\"thumbnailUrl\":\"https:\\\/\\\/www.integracaodigital.com.br\\\/blog\\\/wp-content\\\/uploads\\\/2022\\\/08\\\/Blog-miniatura-1.png\",\"keywords\":[\"marketing\",\"marketing digital\",\"redes sociais\"],\"inLanguage\":\"pt-BR\"},{\"@type\":\"WebPage\",\"@id\":\"https:\\\/\\\/www.integracaodigital.com.br\\\/blog\\\/2022\\\/08\\\/17\\\/qual-e-a-importancia-das-redes-sociais\\\/\",\"url\":\"https:\\\/\\\/www.integracaodigital.com.br\\\/blog\\\/2022\\\/08\\\/17\\\/qual-e-a-importancia-das-redes-sociais\\\/\",\"name\":\"Qual \u00e9 a import\u00e2ncia das Redes Sociais? Blog - Integra\u00e7\u00e3o Digital\",\"isPartOf\":{\"@id\":\"https:\\\/\\\/www.integracaodigital.com.br\\\/blog\\\/#website\"},\"primaryImageOfPage\":{\"@id\":\"https:\\\/\\\/www.integracaodigital.com.br\\\/blog\\\/2022\\\/08\\\/17\\\/qual-e-a-importancia-das-redes-sociais\\\/#primaryimage\"},\"image\":{\"@id\":\"https:\\\/\\\/www.integracaodigital.com.br\\\/blog\\\/2022\\\/08\\\/17\\\/qual-e-a-importancia-das-redes-sociais\\\/#primaryimage\"},\"thumbnailUrl\":\"https:\\\/\\\/www.integracaodigital.com.br\\\/blog\\\/wp-content\\\/uploads\\\/2022\\\/08\\\/Blog-miniatura-1.png\",\"datePublished\":\"2022-08-17T15:19:11+00:00\",\"dateModified\":\"2024-03-14T13:16:40+00:00\",\"description\":\"Qual \u00e9 a import\u00e2ncia das redes sociais? Descubra mais sobre esse assunto e como as redes sociais podem beneficiar o seu neg\u00f3cio!\",\"breadcrumb\":{\"@id\":\"https:\\\/\\\/www.integracaodigital.com.br\\\/blog\\\/2022\\\/08\\\/17\\\/qual-e-a-importancia-das-redes-sociais\\\/#breadcrumb\"},\"inLanguage\":\"pt-BR\",\"potentialAction\":[{\"@type\":\"ReadAction\",\"target\":[\"https:\\\/\\\/www.integracaodigital.com.br\\\/blog\\\/2022\\\/08\\\/17\\\/qual-e-a-importancia-das-redes-sociais\\\/\"]}]},{\"@type\":\"ImageObject\",\"inLanguage\":\"pt-BR\",\"@id\":\"https:\\\/\\\/www.integracaodigital.com.br\\\/blog\\\/2022\\\/08\\\/17\\\/qual-e-a-importancia-das-redes-sociais\\\/#primaryimage\",\"url\":\"https:\\\/\\\/www.integracaodigital.com.br\\\/blog\\\/wp-content\\\/uploads\\\/2022\\\/08\\\/Blog-miniatura-1.png\",\"contentUrl\":\"https:\\\/\\\/www.integracaodigital.com.br\\\/blog\\\/wp-content\\\/uploads\\\/2022\\\/08\\\/Blog-miniatura-1.png\",\"width\":1000,\"height\":760,\"caption\":\"Qual \u00e9 a import\u00e2ncia das redes sociais?\"},{\"@type\":\"BreadcrumbList\",\"@id\":\"https:\\\/\\\/www.integracaodigital.com.br\\\/blog\\\/2022\\\/08\\\/17\\\/qual-e-a-importancia-das-redes-sociais\\\/#breadcrumb\",\"itemListElement\":[{\"@type\":\"ListItem\",\"position\":1,\"name\":\"Blog\",\"item\":\"https:\\\/\\\/www.integracaodigital.com.br\\\/blog\\\/\"},{\"@type\":\"ListItem\",\"position\":2,\"name\":\"Qual \u00e9 a import\u00e2ncia das redes sociais?\"}]},{\"@type\":\"WebSite\",\"@id\":\"https:\\\/\\\/www.integracaodigital.com.br\\\/blog\\\/#website\",\"url\":\"https:\\\/\\\/www.integracaodigital.com.br\\\/blog\\\/\",\"name\":\"Blog - Integra\u00e7\u00e3o Digital\",\"description\":\"Ag\u00eancia de Marketing Digital\",\"publisher\":{\"@id\":\"https:\\\/\\\/www.integracaodigital.com.br\\\/blog\\\/#organization\"},\"potentialAction\":[{\"@type\":\"SearchAction\",\"target\":{\"@type\":\"EntryPoint\",\"urlTemplate\":\"https:\\\/\\\/www.integracaodigital.com.br\\\/blog\\\/?s={search_term_string}\"},\"query-input\":{\"@type\":\"PropertyValueSpecification\",\"valueRequired\":true,\"valueName\":\"search_term_string\"}}],\"inLanguage\":\"pt-BR\"},{\"@type\":\"Organization\",\"@id\":\"https:\\\/\\\/www.integracaodigital.com.br\\\/blog\\\/#organization\",\"name\":\"Integra\u00e7\u00e3o Digital\",\"url\":\"https:\\\/\\\/www.integracaodigital.com.br\\\/blog\\\/\",\"logo\":{\"@type\":\"ImageObject\",\"inLanguage\":\"pt-BR\",\"@id\":\"https:\\\/\\\/www.integracaodigital.com.br\\\/blog\\\/#\\\/schema\\\/logo\\\/image\\\/\",\"url\":\"https:\\\/\\\/www.integracaodigital.com.br\\\/blog\\\/wp-content\\\/uploads\\\/2020\\\/06\\\/logo-integracao-digital.png\",\"contentUrl\":\"https:\\\/\\\/www.integracaodigital.com.br\\\/blog\\\/wp-content\\\/uploads\\\/2020\\\/06\\\/logo-integracao-digital.png\",\"width\":500,\"height\":487,\"caption\":\"Integra\u00e7\u00e3o Digital\"},\"image\":{\"@id\":\"https:\\\/\\\/www.integracaodigital.com.br\\\/blog\\\/#\\\/schema\\\/logo\\\/image\\\/\"},\"sameAs\":[\"https:\\\/\\\/www.facebook.com\\\/integracaodigital\\\/\",\"https:\\\/\\\/pt.linkedin.com\\\/company\\\/integra\u00e7\u00e3o-digital\",\"https:\\\/\\\/www.instagram.com\\\/integracaodigital\\\/\"]},{\"@type\":\"Person\",\"@id\":\"https:\\\/\\\/www.integracaodigital.com.br\\\/blog\\\/#\\\/schema\\\/person\\\/5953f4e2397d7732fb7e6f8729a3c418\",\"name\":\"Natacha Tressino\",\"image\":{\"@type\":\"ImageObject\",\"inLanguage\":\"pt-BR\",\"@id\":\"https:\\\/\\\/secure.gravatar.com\\\/avatar\\\/014972316ba0803eac53aa79976ccd8e2c149fd2289a80da64834d2fba132bc0?s=96&d=wp_user_avatar&r=g\",\"url\":\"https:\\\/\\\/secure.gravatar.com\\\/avatar\\\/014972316ba0803eac53aa79976ccd8e2c149fd2289a80da64834d2fba132bc0?s=96&d=wp_user_avatar&r=g\",\"contentUrl\":\"https:\\\/\\\/secure.gravatar.com\\\/avatar\\\/014972316ba0803eac53aa79976ccd8e2c149fd2289a80da64834d2fba132bc0?s=96&d=wp_user_avatar&r=g\",\"caption\":\"Natacha Tressino\"},\"description\":\"Sou redatora publicit\u00e1ria, com experi\u00eancia em design e aspirante a UX Writing! Amo os animais e n\u00e3o dispenso um sorvete. Gosto de passeios ao ar livre, teatro, filmes e um bom livro.\",\"url\":\"https:\\\/\\\/www.integracaodigital.com.br\\\/blog\\\/author\\\/natacha-tressino\\\/\"}]}<\/script>\n<!-- \/ Yoast SEO plugin. -->","yoast_head_json":{"title":"Qual \u00e9 a import\u00e2ncia das Redes Sociais? Blog - Integra\u00e7\u00e3o Digital","description":"Qual \u00e9 a import\u00e2ncia das redes sociais? Descubra mais sobre esse assunto e como as redes sociais podem beneficiar o seu neg\u00f3cio!","robots":{"index":"index","follow":"follow","max-snippet":"max-snippet:-1","max-image-preview":"max-image-preview:large","max-video-preview":"max-video-preview:-1"},"canonical":"https:\/\/www.integracaodigital.com.br\/blog\/2022\/08\/17\/qual-e-a-importancia-das-redes-sociais\/","og_locale":"pt_BR","og_type":"article","og_title":"Qual \u00e9 a import\u00e2ncia das Redes Sociais? Blog - Integra\u00e7\u00e3o Digital","og_description":"Qual \u00e9 a import\u00e2ncia das redes sociais? Descubra mais sobre esse assunto e como as redes sociais podem beneficiar o seu neg\u00f3cio!","og_url":"https:\/\/www.integracaodigital.com.br\/blog\/2022\/08\/17\/qual-e-a-importancia-das-redes-sociais\/","og_site_name":"Blog - Integra\u00e7\u00e3o Digital","article_publisher":"https:\/\/www.facebook.com\/integracaodigital\/","article_published_time":"2022-08-17T15:19:11+00:00","article_modified_time":"2024-03-14T13:16:40+00:00","og_image":[{"width":1000,"height":760,"url":"https:\/\/www.integracaodigital.com.br\/blog\/wp-content\/uploads\/2022\/08\/Blog-miniatura-1.png","type":"image\/png"}],"author":"Natacha Tressino","twitter_card":"summary_large_image","twitter_misc":{"Escrito por":"Natacha Tressino","Est. tempo de leitura":"11 minutos"},"schema":{"@context":"https:\/\/schema.org","@graph":[{"@type":"Article","@id":"https:\/\/www.integracaodigital.com.br\/blog\/2022\/08\/17\/qual-e-a-importancia-das-redes-sociais\/#article","isPartOf":{"@id":"https:\/\/www.integracaodigital.com.br\/blog\/2022\/08\/17\/qual-e-a-importancia-das-redes-sociais\/"},"author":{"name":"Natacha Tressino","@id":"https:\/\/www.integracaodigital.com.br\/blog\/#\/schema\/person\/5953f4e2397d7732fb7e6f8729a3c418"},"headline":"Qual \u00e9 a import\u00e2ncia das redes sociais?","datePublished":"2022-08-17T15:19:11+00:00","dateModified":"2024-03-14T13:16:40+00:00","mainEntityOfPage":{"@id":"https:\/\/www.integracaodigital.com.br\/blog\/2022\/08\/17\/qual-e-a-importancia-das-redes-sociais\/"},"wordCount":2118,"publisher":{"@id":"https:\/\/www.integracaodigital.com.br\/blog\/#organization"},"image":{"@id":"https:\/\/www.integracaodigital.com.br\/blog\/2022\/08\/17\/qual-e-a-importancia-das-redes-sociais\/#primaryimage"},"thumbnailUrl":"https:\/\/www.integracaodigital.com.br\/blog\/wp-content\/uploads\/2022\/08\/Blog-miniatura-1.png","keywords":["marketing","marketing digital","redes sociais"],"inLanguage":"pt-BR"},{"@type":"WebPage","@id":"https:\/\/www.integracaodigital.com.br\/blog\/2022\/08\/17\/qual-e-a-importancia-das-redes-sociais\/","url":"https:\/\/www.integracaodigital.com.br\/blog\/2022\/08\/17\/qual-e-a-importancia-das-redes-sociais\/","name":"Qual \u00e9 a import\u00e2ncia das Redes Sociais? Blog - Integra\u00e7\u00e3o Digital","isPartOf":{"@id":"https:\/\/www.integracaodigital.com.br\/blog\/#website"},"primaryImageOfPage":{"@id":"https:\/\/www.integracaodigital.com.br\/blog\/2022\/08\/17\/qual-e-a-importancia-das-redes-sociais\/#primaryimage"},"image":{"@id":"https:\/\/www.integracaodigital.com.br\/blog\/2022\/08\/17\/qual-e-a-importancia-das-redes-sociais\/#primaryimage"},"thumbnailUrl":"https:\/\/www.integracaodigital.com.br\/blog\/wp-content\/uploads\/2022\/08\/Blog-miniatura-1.png","datePublished":"2022-08-17T15:19:11+00:00","dateModified":"2024-03-14T13:16:40+00:00","description":"Qual \u00e9 a import\u00e2ncia das redes sociais? Descubra mais sobre esse assunto e como as redes sociais podem beneficiar o seu neg\u00f3cio!","breadcrumb":{"@id":"https:\/\/www.integracaodigital.com.br\/blog\/2022\/08\/17\/qual-e-a-importancia-das-redes-sociais\/#breadcrumb"},"inLanguage":"pt-BR","potentialAction":[{"@type":"ReadAction","target":["https:\/\/www.integracaodigital.com.br\/blog\/2022\/08\/17\/qual-e-a-importancia-das-redes-sociais\/"]}]},{"@type":"ImageObject","inLanguage":"pt-BR","@id":"https:\/\/www.integracaodigital.com.br\/blog\/2022\/08\/17\/qual-e-a-importancia-das-redes-sociais\/#primaryimage","url":"https:\/\/www.integracaodigital.com.br\/blog\/wp-content\/uploads\/2022\/08\/Blog-miniatura-1.png","contentUrl":"https:\/\/www.integracaodigital.com.br\/blog\/wp-content\/uploads\/2022\/08\/Blog-miniatura-1.png","width":1000,"height":760,"caption":"Qual \u00e9 a import\u00e2ncia das redes sociais?"},{"@type":"BreadcrumbList","@id":"https:\/\/www.integracaodigital.com.br\/blog\/2022\/08\/17\/qual-e-a-importancia-das-redes-sociais\/#breadcrumb","itemListElement":[{"@type":"ListItem","position":1,"name":"Blog","item":"https:\/\/www.integracaodigital.com.br\/blog\/"},{"@type":"ListItem","position":2,"name":"Qual \u00e9 a import\u00e2ncia das redes sociais?"}]},{"@type":"WebSite","@id":"https:\/\/www.integracaodigital.com.br\/blog\/#website","url":"https:\/\/www.integracaodigital.com.br\/blog\/","name":"Blog - Integra\u00e7\u00e3o Digital","description":"Ag\u00eancia de Marketing Digital","publisher":{"@id":"https:\/\/www.integracaodigital.com.br\/blog\/#organization"},"potentialAction":[{"@type":"SearchAction","target":{"@type":"EntryPoint","urlTemplate":"https:\/\/www.integracaodigital.com.br\/blog\/?s={search_term_string}"},"query-input":{"@type":"PropertyValueSpecification","valueRequired":true,"valueName":"search_term_string"}}],"inLanguage":"pt-BR"},{"@type":"Organization","@id":"https:\/\/www.integracaodigital.com.br\/blog\/#organization","name":"Integra\u00e7\u00e3o Digital","url":"https:\/\/www.integracaodigital.com.br\/blog\/","logo":{"@type":"ImageObject","inLanguage":"pt-BR","@id":"https:\/\/www.integracaodigital.com.br\/blog\/#\/schema\/logo\/image\/","url":"https:\/\/www.integracaodigital.com.br\/blog\/wp-content\/uploads\/2020\/06\/logo-integracao-digital.png","contentUrl":"https:\/\/www.integracaodigital.com.br\/blog\/wp-content\/uploads\/2020\/06\/logo-integracao-digital.png","width":500,"height":487,"caption":"Integra\u00e7\u00e3o Digital"},"image":{"@id":"https:\/\/www.integracaodigital.com.br\/blog\/#\/schema\/logo\/image\/"},"sameAs":["https:\/\/www.facebook.com\/integracaodigital\/","https:\/\/pt.linkedin.com\/company\/integra\u00e7\u00e3o-digital","https:\/\/www.instagram.com\/integracaodigital\/"]},{"@type":"Person","@id":"https:\/\/www.integracaodigital.com.br\/blog\/#\/schema\/person\/5953f4e2397d7732fb7e6f8729a3c418","name":"Natacha Tressino","image":{"@type":"ImageObject","inLanguage":"pt-BR","@id":"https:\/\/secure.gravatar.com\/avatar\/014972316ba0803eac53aa79976ccd8e2c149fd2289a80da64834d2fba132bc0?s=96&d=wp_user_avatar&r=g","url":"https:\/\/secure.gravatar.com\/avatar\/014972316ba0803eac53aa79976ccd8e2c149fd2289a80da64834d2fba132bc0?s=96&d=wp_user_avatar&r=g","contentUrl":"https:\/\/secure.gravatar.com\/avatar\/014972316ba0803eac53aa79976ccd8e2c149fd2289a80da64834d2fba132bc0?s=96&d=wp_user_avatar&r=g","caption":"Natacha Tressino"},"description":"Sou redatora publicit\u00e1ria, com experi\u00eancia em design e aspirante a UX Writing! Amo os animais e n\u00e3o dispenso um sorvete. Gosto de passeios ao ar livre, teatro, filmes e um bom livro.","url":"https:\/\/www.integracaodigital.com.br\/blog\/author\/natacha-tressino\/"}]}},"_links":{"self":[{"href":"https:\/\/www.integracaodigital.com.br\/blog\/wp-json\/wp\/v2\/posts\/2247","targetHints":{"allow":["GET"]}}],"collection":[{"href":"https:\/\/www.integracaodigital.com.br\/blog\/wp-json\/wp\/v2\/posts"}],"about":[{"href":"https:\/\/www.integracaodigital.com.br\/blog\/wp-json\/wp\/v2\/types\/post"}],"author":[{"embeddable":true,"href":"https:\/\/www.integracaodigital.com.br\/blog\/wp-json\/wp\/v2\/users\/2"}],"replies":[{"embeddable":true,"href":"https:\/\/www.integracaodigital.com.br\/blog\/wp-json\/wp\/v2\/comments?post=2247"}],"version-history":[{"count":3,"href":"https:\/\/www.integracaodigital.com.br\/blog\/wp-json\/wp\/v2\/posts\/2247\/revisions"}],"predecessor-version":[{"id":2438,"href":"https:\/\/www.integracaodigital.com.br\/blog\/wp-json\/wp\/v2\/posts\/2247\/revisions\/2438"}],"wp:featuredmedia":[{"embeddable":true,"href":"https:\/\/www.integracaodigital.com.br\/blog\/wp-json\/wp\/v2\/media\/2253"}],"wp:attachment":[{"href":"https:\/\/www.integracaodigital.com.br\/blog\/wp-json\/wp\/v2\/media?parent=2247"}],"wp:term":[{"taxonomy":"category","embeddable":true,"href":"https:\/\/www.integracaodigital.com.br\/blog\/wp-json\/wp\/v2\/categories?post=2247"},{"taxonomy":"post_tag","embeddable":true,"href":"https:\/\/www.integracaodigital.com.br\/blog\/wp-json\/wp\/v2\/tags?post=2247"}],"curies":[{"name":"wp","href":"https:\/\/api.w.org\/{rel}","templated":true}]}}