{"id":237,"date":"2017-10-26T19:07:43","date_gmt":"2017-10-26T19:07:43","guid":{"rendered":"https:\/\/integracaodigital.com.br\/blog\/?p=237"},"modified":"2024-03-14T10:16:58","modified_gmt":"2024-03-14T13:16:58","slug":"o-que-campanha-da-brastemp-diz-sobre-o-cenario-digital","status":"publish","type":"post","link":"https:\/\/www.integracaodigital.com.br\/blog\/2017\/10\/26\/o-que-campanha-da-brastemp-diz-sobre-o-cenario-digital\/","title":{"rendered":"O Que a Campanha da Brastemp Diz Sobre o Cen\u00e1rio Digital"},"content":{"rendered":"<h1><img decoding=\"async\" class=\"alignnone size-medium wp-image-238\" src=\"https:\/\/integracaodigital.com.br\/blog\/wp-content\/uploads\/2017\/10\/26-300x300.png\" alt=\"\" width=\"300\" height=\"300\" \/><\/h1>\n<p>A Brastemp lan\u00e7ou no m\u00eas de outubro uma campanha cativante e bem-humorada que visa estabelecer uma liga\u00e7\u00e3o entre passado e presente, mesclando seus queridos e tradicionais garotos propaganda aos memes gerados pela internet, na tentativa de estabelecer uma linha c\u00f4mica e divertida entre os atores e as cenas apresentadas.<\/p>\n<p>Atrizes recriam seus memes inesquec\u00edveis como o \u201cn\u00e3o sou capaz de opinar\u201d de Gloria Pires e o cl\u00e1ssico \u201cN\u00e3o tenho a menor paci\u00eancia pra quem ta come\u00e7ando\u201d da Suzana Vieira, estabelecendo conex\u00e3o direta com os produtos da marca, amarrando toda a pe\u00e7a com o tradicional bord\u00e3o da marca \u201cN\u00e3o \u00e9 assim uma Brastemp\u201d que perpetua no linguajar das pessoas at\u00e9 hoje.<\/p>\n<p>A campanha \u00e9 um excelente exemplo de como unir quest\u00f5es digitais \u00e0s n\u00e3o digitais e promover a integra\u00e7\u00e3o entre tradi\u00e7\u00e3o e modernidade que a internet tanto trouxe ao decorrer dos anos.<\/p>\n<p>Observar uma marca t\u00e3o consolidada e t\u00e3o forte no mercado como Brastemp utilizando de um humor t\u00e3o banal e corriqueiro do dia a dia com certeza encoraja outras marcas a imergir nesta vertente t\u00e3o promissora que \u00e9 unificar os dois lados da publicidade, meios digitais e meios tradicionais.<\/p>\n<p>N\u00e3o \u00e9 mais poss\u00edvel ignorar os avan\u00e7os da tecnologia e a mudan\u00e7a comportamental do consumidor, desta forma ser flex\u00edvel e estar disposto a pensar de forma mais interligada \u00e9 o que diferenciar\u00e1 sua marca das concorrentes presentes neste mercado.<\/p>\n","protected":false},"excerpt":{"rendered":"<p>A Brastemp lan\u00e7ou no m\u00eas de outubro uma campanha cativante e bem-humorada que visa estabelecer uma liga\u00e7\u00e3o entre passado e presente, mesclando seus queridos e tradicionais garotos propaganda aos memes gerados pela internet, na tentativa de estabelecer uma linha c\u00f4mica e divertida entre os atores e as cenas apresentadas. Atrizes recriam seus memes inesquec\u00edveis como&hellip;<\/p>\n","protected":false},"author":1,"featured_media":238,"comment_status":"closed","ping_status":"open","sticky":false,"template":"","format":"standard","meta":{"footnotes":""},"categories":[403],"tags":[],"class_list":["post-237","post","type-post","status-publish","format-standard","has-post-thumbnail","hentry","category-negocios"],"yoast_head":"<!-- This site is optimized with the Yoast SEO plugin v27.5 - https:\/\/yoast.com\/product\/yoast-seo-wordpress\/ -->\n<title>O Que a Campanha da Brastemp Diz Sobre o Cen\u00e1rio Digital - Blog - Integra\u00e7\u00e3o Digital<\/title>\n<meta name=\"description\" content=\"A Brastemp lan\u00e7ou no m\u00eas de outubro uma campanha cativante e bem-humorada que visa estabelecer uma liga\u00e7\u00e3o entre passado e presente\" \/>\n<meta name=\"robots\" content=\"index, follow, max-snippet:-1, max-image-preview:large, max-video-preview:-1\" \/>\n<link rel=\"canonical\" href=\"https:\/\/www.integracaodigital.com.br\/blog\/2017\/10\/26\/o-que-campanha-da-brastemp-diz-sobre-o-cenario-digital\/\" \/>\n<meta property=\"og:locale\" content=\"pt_BR\" \/>\n<meta property=\"og:type\" content=\"article\" \/>\n<meta property=\"og:title\" content=\"O Que a Campanha da Brastemp Diz Sobre o Cen\u00e1rio Digital - Blog - Integra\u00e7\u00e3o Digital\" \/>\n<meta property=\"og:description\" content=\"A Brastemp lan\u00e7ou no m\u00eas de outubro uma campanha cativante e bem-humorada que visa estabelecer uma liga\u00e7\u00e3o entre passado e presente\" \/>\n<meta property=\"og:url\" content=\"https:\/\/www.integracaodigital.com.br\/blog\/2017\/10\/26\/o-que-campanha-da-brastemp-diz-sobre-o-cenario-digital\/\" \/>\n<meta property=\"og:site_name\" content=\"Blog - Integra\u00e7\u00e3o Digital\" \/>\n<meta property=\"article:publisher\" content=\"https:\/\/www.facebook.com\/integracaodigital\/\" \/>\n<meta property=\"article:published_time\" content=\"2017-10-26T19:07:43+00:00\" \/>\n<meta property=\"article:modified_time\" content=\"2024-03-14T13:16:58+00:00\" \/>\n<meta property=\"og:image\" content=\"https:\/\/www.integracaodigital.com.br\/blog\/wp-content\/uploads\/2017\/10\/26-e1509044818762.png\" \/>\n\t<meta property=\"og:image:width\" content=\"500\" \/>\n\t<meta property=\"og:image:height\" content=\"500\" \/>\n\t<meta property=\"og:image:type\" content=\"image\/png\" \/>\n<meta name=\"author\" content=\"admin\" \/>\n<meta name=\"twitter:card\" content=\"summary_large_image\" \/>\n<meta name=\"twitter:label1\" content=\"Escrito por\" \/>\n\t<meta name=\"twitter:data1\" content=\"admin\" \/>\n\t<meta name=\"twitter:label2\" content=\"Est. tempo de leitura\" \/>\n\t<meta name=\"twitter:data2\" content=\"1 minuto\" \/>\n<script type=\"application\/ld+json\" class=\"yoast-schema-graph\">{\"@context\":\"https:\\\/\\\/schema.org\",\"@graph\":[{\"@type\":\"Article\",\"@id\":\"https:\\\/\\\/www.integracaodigital.com.br\\\/blog\\\/2017\\\/10\\\/26\\\/o-que-campanha-da-brastemp-diz-sobre-o-cenario-digital\\\/#article\",\"isPartOf\":{\"@id\":\"https:\\\/\\\/www.integracaodigital.com.br\\\/blog\\\/2017\\\/10\\\/26\\\/o-que-campanha-da-brastemp-diz-sobre-o-cenario-digital\\\/\"},\"author\":{\"name\":\"admin\",\"@id\":\"https:\\\/\\\/www.integracaodigital.com.br\\\/blog\\\/#\\\/schema\\\/person\\\/ac267b19d350a5a9a274dabf2ac6031e\"},\"headline\":\"O Que a Campanha da Brastemp Diz Sobre o Cen\u00e1rio Digital\",\"datePublished\":\"2017-10-26T19:07:43+00:00\",\"dateModified\":\"2024-03-14T13:16:58+00:00\",\"mainEntityOfPage\":{\"@id\":\"https:\\\/\\\/www.integracaodigital.com.br\\\/blog\\\/2017\\\/10\\\/26\\\/o-que-campanha-da-brastemp-diz-sobre-o-cenario-digital\\\/\"},\"wordCount\":262,\"publisher\":{\"@id\":\"https:\\\/\\\/www.integracaodigital.com.br\\\/blog\\\/#organization\"},\"image\":{\"@id\":\"https:\\\/\\\/www.integracaodigital.com.br\\\/blog\\\/2017\\\/10\\\/26\\\/o-que-campanha-da-brastemp-diz-sobre-o-cenario-digital\\\/#primaryimage\"},\"thumbnailUrl\":\"https:\\\/\\\/www.integracaodigital.com.br\\\/blog\\\/wp-content\\\/uploads\\\/2017\\\/10\\\/26-e1509044818762.png\",\"articleSection\":[\"Neg\u00f3cios\"],\"inLanguage\":\"pt-BR\"},{\"@type\":\"WebPage\",\"@id\":\"https:\\\/\\\/www.integracaodigital.com.br\\\/blog\\\/2017\\\/10\\\/26\\\/o-que-campanha-da-brastemp-diz-sobre-o-cenario-digital\\\/\",\"url\":\"https:\\\/\\\/www.integracaodigital.com.br\\\/blog\\\/2017\\\/10\\\/26\\\/o-que-campanha-da-brastemp-diz-sobre-o-cenario-digital\\\/\",\"name\":\"O Que a Campanha da Brastemp Diz Sobre o Cen\u00e1rio Digital - Blog - Integra\u00e7\u00e3o Digital\",\"isPartOf\":{\"@id\":\"https:\\\/\\\/www.integracaodigital.com.br\\\/blog\\\/#website\"},\"primaryImageOfPage\":{\"@id\":\"https:\\\/\\\/www.integracaodigital.com.br\\\/blog\\\/2017\\\/10\\\/26\\\/o-que-campanha-da-brastemp-diz-sobre-o-cenario-digital\\\/#primaryimage\"},\"image\":{\"@id\":\"https:\\\/\\\/www.integracaodigital.com.br\\\/blog\\\/2017\\\/10\\\/26\\\/o-que-campanha-da-brastemp-diz-sobre-o-cenario-digital\\\/#primaryimage\"},\"thumbnailUrl\":\"https:\\\/\\\/www.integracaodigital.com.br\\\/blog\\\/wp-content\\\/uploads\\\/2017\\\/10\\\/26-e1509044818762.png\",\"datePublished\":\"2017-10-26T19:07:43+00:00\",\"dateModified\":\"2024-03-14T13:16:58+00:00\",\"description\":\"A Brastemp lan\u00e7ou no m\u00eas de outubro uma campanha cativante e bem-humorada que visa estabelecer uma liga\u00e7\u00e3o entre passado e presente\",\"breadcrumb\":{\"@id\":\"https:\\\/\\\/www.integracaodigital.com.br\\\/blog\\\/2017\\\/10\\\/26\\\/o-que-campanha-da-brastemp-diz-sobre-o-cenario-digital\\\/#breadcrumb\"},\"inLanguage\":\"pt-BR\",\"potentialAction\":[{\"@type\":\"ReadAction\",\"target\":[\"https:\\\/\\\/www.integracaodigital.com.br\\\/blog\\\/2017\\\/10\\\/26\\\/o-que-campanha-da-brastemp-diz-sobre-o-cenario-digital\\\/\"]}]},{\"@type\":\"ImageObject\",\"inLanguage\":\"pt-BR\",\"@id\":\"https:\\\/\\\/www.integracaodigital.com.br\\\/blog\\\/2017\\\/10\\\/26\\\/o-que-campanha-da-brastemp-diz-sobre-o-cenario-digital\\\/#primaryimage\",\"url\":\"https:\\\/\\\/www.integracaodigital.com.br\\\/blog\\\/wp-content\\\/uploads\\\/2017\\\/10\\\/26-e1509044818762.png\",\"contentUrl\":\"https:\\\/\\\/www.integracaodigital.com.br\\\/blog\\\/wp-content\\\/uploads\\\/2017\\\/10\\\/26-e1509044818762.png\",\"width\":500,\"height\":500},{\"@type\":\"BreadcrumbList\",\"@id\":\"https:\\\/\\\/www.integracaodigital.com.br\\\/blog\\\/2017\\\/10\\\/26\\\/o-que-campanha-da-brastemp-diz-sobre-o-cenario-digital\\\/#breadcrumb\",\"itemListElement\":[{\"@type\":\"ListItem\",\"position\":1,\"name\":\"Blog\",\"item\":\"https:\\\/\\\/www.integracaodigital.com.br\\\/blog\\\/\"},{\"@type\":\"ListItem\",\"position\":2,\"name\":\"O Que a Campanha da Brastemp Diz Sobre o Cen\u00e1rio Digital\"}]},{\"@type\":\"WebSite\",\"@id\":\"https:\\\/\\\/www.integracaodigital.com.br\\\/blog\\\/#website\",\"url\":\"https:\\\/\\\/www.integracaodigital.com.br\\\/blog\\\/\",\"name\":\"Blog - Integra\u00e7\u00e3o Digital\",\"description\":\"Ag\u00eancia de Marketing Digital\",\"publisher\":{\"@id\":\"https:\\\/\\\/www.integracaodigital.com.br\\\/blog\\\/#organization\"},\"potentialAction\":[{\"@type\":\"SearchAction\",\"target\":{\"@type\":\"EntryPoint\",\"urlTemplate\":\"https:\\\/\\\/www.integracaodigital.com.br\\\/blog\\\/?s={search_term_string}\"},\"query-input\":{\"@type\":\"PropertyValueSpecification\",\"valueRequired\":true,\"valueName\":\"search_term_string\"}}],\"inLanguage\":\"pt-BR\"},{\"@type\":\"Organization\",\"@id\":\"https:\\\/\\\/www.integracaodigital.com.br\\\/blog\\\/#organization\",\"name\":\"Integra\u00e7\u00e3o Digital\",\"url\":\"https:\\\/\\\/www.integracaodigital.com.br\\\/blog\\\/\",\"logo\":{\"@type\":\"ImageObject\",\"inLanguage\":\"pt-BR\",\"@id\":\"https:\\\/\\\/www.integracaodigital.com.br\\\/blog\\\/#\\\/schema\\\/logo\\\/image\\\/\",\"url\":\"https:\\\/\\\/www.integracaodigital.com.br\\\/blog\\\/wp-content\\\/uploads\\\/2020\\\/06\\\/logo-integracao-digital.png\",\"contentUrl\":\"https:\\\/\\\/www.integracaodigital.com.br\\\/blog\\\/wp-content\\\/uploads\\\/2020\\\/06\\\/logo-integracao-digital.png\",\"width\":500,\"height\":487,\"caption\":\"Integra\u00e7\u00e3o Digital\"},\"image\":{\"@id\":\"https:\\\/\\\/www.integracaodigital.com.br\\\/blog\\\/#\\\/schema\\\/logo\\\/image\\\/\"},\"sameAs\":[\"https:\\\/\\\/www.facebook.com\\\/integracaodigital\\\/\",\"https:\\\/\\\/pt.linkedin.com\\\/company\\\/integra\u00e7\u00e3o-digital\",\"https:\\\/\\\/www.instagram.com\\\/integracaodigital\\\/\"]},{\"@type\":\"Person\",\"@id\":\"https:\\\/\\\/www.integracaodigital.com.br\\\/blog\\\/#\\\/schema\\\/person\\\/ac267b19d350a5a9a274dabf2ac6031e\",\"name\":\"admin\",\"image\":{\"@type\":\"ImageObject\",\"inLanguage\":\"pt-BR\",\"@id\":\"https:\\\/\\\/secure.gravatar.com\\\/avatar\\\/8dc0321809f35865f7b3ea1835517ca4d2685ae2e1bf3eaf2d1d92ec5dca150f?s=96&d=wp_user_avatar&r=g\",\"url\":\"https:\\\/\\\/secure.gravatar.com\\\/avatar\\\/8dc0321809f35865f7b3ea1835517ca4d2685ae2e1bf3eaf2d1d92ec5dca150f?s=96&d=wp_user_avatar&r=g\",\"contentUrl\":\"https:\\\/\\\/secure.gravatar.com\\\/avatar\\\/8dc0321809f35865f7b3ea1835517ca4d2685ae2e1bf3eaf2d1d92ec5dca150f?s=96&d=wp_user_avatar&r=g\",\"caption\":\"admin\"},\"sameAs\":[\"https:\\\/\\\/integracaodigital.com.br\\\/blog-id\"],\"url\":\"https:\\\/\\\/www.integracaodigital.com.br\\\/blog\\\/author\\\/admin\\\/\"}]}<\/script>\n<!-- \/ Yoast SEO plugin. -->","yoast_head_json":{"title":"O Que a Campanha da Brastemp Diz Sobre o Cen\u00e1rio Digital - Blog - Integra\u00e7\u00e3o Digital","description":"A Brastemp lan\u00e7ou no m\u00eas de outubro uma campanha cativante e bem-humorada que visa estabelecer uma liga\u00e7\u00e3o entre passado e presente","robots":{"index":"index","follow":"follow","max-snippet":"max-snippet:-1","max-image-preview":"max-image-preview:large","max-video-preview":"max-video-preview:-1"},"canonical":"https:\/\/www.integracaodigital.com.br\/blog\/2017\/10\/26\/o-que-campanha-da-brastemp-diz-sobre-o-cenario-digital\/","og_locale":"pt_BR","og_type":"article","og_title":"O Que a Campanha da Brastemp Diz Sobre o Cen\u00e1rio Digital - Blog - Integra\u00e7\u00e3o Digital","og_description":"A Brastemp lan\u00e7ou no m\u00eas de outubro uma campanha cativante e bem-humorada que visa estabelecer uma liga\u00e7\u00e3o entre passado e presente","og_url":"https:\/\/www.integracaodigital.com.br\/blog\/2017\/10\/26\/o-que-campanha-da-brastemp-diz-sobre-o-cenario-digital\/","og_site_name":"Blog - Integra\u00e7\u00e3o Digital","article_publisher":"https:\/\/www.facebook.com\/integracaodigital\/","article_published_time":"2017-10-26T19:07:43+00:00","article_modified_time":"2024-03-14T13:16:58+00:00","og_image":[{"width":500,"height":500,"url":"https:\/\/www.integracaodigital.com.br\/blog\/wp-content\/uploads\/2017\/10\/26-e1509044818762.png","type":"image\/png"}],"author":"admin","twitter_card":"summary_large_image","twitter_misc":{"Escrito por":"admin","Est. tempo de leitura":"1 minuto"},"schema":{"@context":"https:\/\/schema.org","@graph":[{"@type":"Article","@id":"https:\/\/www.integracaodigital.com.br\/blog\/2017\/10\/26\/o-que-campanha-da-brastemp-diz-sobre-o-cenario-digital\/#article","isPartOf":{"@id":"https:\/\/www.integracaodigital.com.br\/blog\/2017\/10\/26\/o-que-campanha-da-brastemp-diz-sobre-o-cenario-digital\/"},"author":{"name":"admin","@id":"https:\/\/www.integracaodigital.com.br\/blog\/#\/schema\/person\/ac267b19d350a5a9a274dabf2ac6031e"},"headline":"O Que a Campanha da Brastemp Diz Sobre o Cen\u00e1rio Digital","datePublished":"2017-10-26T19:07:43+00:00","dateModified":"2024-03-14T13:16:58+00:00","mainEntityOfPage":{"@id":"https:\/\/www.integracaodigital.com.br\/blog\/2017\/10\/26\/o-que-campanha-da-brastemp-diz-sobre-o-cenario-digital\/"},"wordCount":262,"publisher":{"@id":"https:\/\/www.integracaodigital.com.br\/blog\/#organization"},"image":{"@id":"https:\/\/www.integracaodigital.com.br\/blog\/2017\/10\/26\/o-que-campanha-da-brastemp-diz-sobre-o-cenario-digital\/#primaryimage"},"thumbnailUrl":"https:\/\/www.integracaodigital.com.br\/blog\/wp-content\/uploads\/2017\/10\/26-e1509044818762.png","articleSection":["Neg\u00f3cios"],"inLanguage":"pt-BR"},{"@type":"WebPage","@id":"https:\/\/www.integracaodigital.com.br\/blog\/2017\/10\/26\/o-que-campanha-da-brastemp-diz-sobre-o-cenario-digital\/","url":"https:\/\/www.integracaodigital.com.br\/blog\/2017\/10\/26\/o-que-campanha-da-brastemp-diz-sobre-o-cenario-digital\/","name":"O Que a Campanha da Brastemp Diz Sobre o Cen\u00e1rio Digital - Blog - Integra\u00e7\u00e3o Digital","isPartOf":{"@id":"https:\/\/www.integracaodigital.com.br\/blog\/#website"},"primaryImageOfPage":{"@id":"https:\/\/www.integracaodigital.com.br\/blog\/2017\/10\/26\/o-que-campanha-da-brastemp-diz-sobre-o-cenario-digital\/#primaryimage"},"image":{"@id":"https:\/\/www.integracaodigital.com.br\/blog\/2017\/10\/26\/o-que-campanha-da-brastemp-diz-sobre-o-cenario-digital\/#primaryimage"},"thumbnailUrl":"https:\/\/www.integracaodigital.com.br\/blog\/wp-content\/uploads\/2017\/10\/26-e1509044818762.png","datePublished":"2017-10-26T19:07:43+00:00","dateModified":"2024-03-14T13:16:58+00:00","description":"A Brastemp lan\u00e7ou no m\u00eas de outubro uma campanha cativante e bem-humorada que visa estabelecer uma liga\u00e7\u00e3o entre passado e presente","breadcrumb":{"@id":"https:\/\/www.integracaodigital.com.br\/blog\/2017\/10\/26\/o-que-campanha-da-brastemp-diz-sobre-o-cenario-digital\/#breadcrumb"},"inLanguage":"pt-BR","potentialAction":[{"@type":"ReadAction","target":["https:\/\/www.integracaodigital.com.br\/blog\/2017\/10\/26\/o-que-campanha-da-brastemp-diz-sobre-o-cenario-digital\/"]}]},{"@type":"ImageObject","inLanguage":"pt-BR","@id":"https:\/\/www.integracaodigital.com.br\/blog\/2017\/10\/26\/o-que-campanha-da-brastemp-diz-sobre-o-cenario-digital\/#primaryimage","url":"https:\/\/www.integracaodigital.com.br\/blog\/wp-content\/uploads\/2017\/10\/26-e1509044818762.png","contentUrl":"https:\/\/www.integracaodigital.com.br\/blog\/wp-content\/uploads\/2017\/10\/26-e1509044818762.png","width":500,"height":500},{"@type":"BreadcrumbList","@id":"https:\/\/www.integracaodigital.com.br\/blog\/2017\/10\/26\/o-que-campanha-da-brastemp-diz-sobre-o-cenario-digital\/#breadcrumb","itemListElement":[{"@type":"ListItem","position":1,"name":"Blog","item":"https:\/\/www.integracaodigital.com.br\/blog\/"},{"@type":"ListItem","position":2,"name":"O Que a Campanha da Brastemp Diz Sobre o Cen\u00e1rio Digital"}]},{"@type":"WebSite","@id":"https:\/\/www.integracaodigital.com.br\/blog\/#website","url":"https:\/\/www.integracaodigital.com.br\/blog\/","name":"Blog - Integra\u00e7\u00e3o Digital","description":"Ag\u00eancia de Marketing Digital","publisher":{"@id":"https:\/\/www.integracaodigital.com.br\/blog\/#organization"},"potentialAction":[{"@type":"SearchAction","target":{"@type":"EntryPoint","urlTemplate":"https:\/\/www.integracaodigital.com.br\/blog\/?s={search_term_string}"},"query-input":{"@type":"PropertyValueSpecification","valueRequired":true,"valueName":"search_term_string"}}],"inLanguage":"pt-BR"},{"@type":"Organization","@id":"https:\/\/www.integracaodigital.com.br\/blog\/#organization","name":"Integra\u00e7\u00e3o Digital","url":"https:\/\/www.integracaodigital.com.br\/blog\/","logo":{"@type":"ImageObject","inLanguage":"pt-BR","@id":"https:\/\/www.integracaodigital.com.br\/blog\/#\/schema\/logo\/image\/","url":"https:\/\/www.integracaodigital.com.br\/blog\/wp-content\/uploads\/2020\/06\/logo-integracao-digital.png","contentUrl":"https:\/\/www.integracaodigital.com.br\/blog\/wp-content\/uploads\/2020\/06\/logo-integracao-digital.png","width":500,"height":487,"caption":"Integra\u00e7\u00e3o Digital"},"image":{"@id":"https:\/\/www.integracaodigital.com.br\/blog\/#\/schema\/logo\/image\/"},"sameAs":["https:\/\/www.facebook.com\/integracaodigital\/","https:\/\/pt.linkedin.com\/company\/integra\u00e7\u00e3o-digital","https:\/\/www.instagram.com\/integracaodigital\/"]},{"@type":"Person","@id":"https:\/\/www.integracaodigital.com.br\/blog\/#\/schema\/person\/ac267b19d350a5a9a274dabf2ac6031e","name":"admin","image":{"@type":"ImageObject","inLanguage":"pt-BR","@id":"https:\/\/secure.gravatar.com\/avatar\/8dc0321809f35865f7b3ea1835517ca4d2685ae2e1bf3eaf2d1d92ec5dca150f?s=96&d=wp_user_avatar&r=g","url":"https:\/\/secure.gravatar.com\/avatar\/8dc0321809f35865f7b3ea1835517ca4d2685ae2e1bf3eaf2d1d92ec5dca150f?s=96&d=wp_user_avatar&r=g","contentUrl":"https:\/\/secure.gravatar.com\/avatar\/8dc0321809f35865f7b3ea1835517ca4d2685ae2e1bf3eaf2d1d92ec5dca150f?s=96&d=wp_user_avatar&r=g","caption":"admin"},"sameAs":["https:\/\/integracaodigital.com.br\/blog-id"],"url":"https:\/\/www.integracaodigital.com.br\/blog\/author\/admin\/"}]}},"_links":{"self":[{"href":"https:\/\/www.integracaodigital.com.br\/blog\/wp-json\/wp\/v2\/posts\/237","targetHints":{"allow":["GET"]}}],"collection":[{"href":"https:\/\/www.integracaodigital.com.br\/blog\/wp-json\/wp\/v2\/posts"}],"about":[{"href":"https:\/\/www.integracaodigital.com.br\/blog\/wp-json\/wp\/v2\/types\/post"}],"author":[{"embeddable":true,"href":"https:\/\/www.integracaodigital.com.br\/blog\/wp-json\/wp\/v2\/users\/1"}],"replies":[{"embeddable":true,"href":"https:\/\/www.integracaodigital.com.br\/blog\/wp-json\/wp\/v2\/comments?post=237"}],"version-history":[{"count":1,"href":"https:\/\/www.integracaodigital.com.br\/blog\/wp-json\/wp\/v2\/posts\/237\/revisions"}],"predecessor-version":[{"id":2634,"href":"https:\/\/www.integracaodigital.com.br\/blog\/wp-json\/wp\/v2\/posts\/237\/revisions\/2634"}],"wp:featuredmedia":[{"embeddable":true,"href":"https:\/\/www.integracaodigital.com.br\/blog\/wp-json\/wp\/v2\/media\/238"}],"wp:attachment":[{"href":"https:\/\/www.integracaodigital.com.br\/blog\/wp-json\/wp\/v2\/media?parent=237"}],"wp:term":[{"taxonomy":"category","embeddable":true,"href":"https:\/\/www.integracaodigital.com.br\/blog\/wp-json\/wp\/v2\/categories?post=237"},{"taxonomy":"post_tag","embeddable":true,"href":"https:\/\/www.integracaodigital.com.br\/blog\/wp-json\/wp\/v2\/tags?post=237"}],"curies":[{"name":"wp","href":"https:\/\/api.w.org\/{rel}","templated":true}]}}