{"id":2795,"date":"2025-02-15T11:29:26","date_gmt":"2025-02-15T14:29:26","guid":{"rendered":"https:\/\/www.integracaodigital.com.br\/blog\/?p=2795"},"modified":"2025-06-12T14:05:36","modified_gmt":"2025-06-12T17:05:36","slug":"registro-de-marca-inpi-agora-a-id-tambem-tem","status":"publish","type":"post","link":"https:\/\/www.integracaodigital.com.br\/blog\/2025\/02\/15\/registro-de-marca-inpi-agora-a-id-tambem-tem\/","title":{"rendered":"Registro de marca INPI: agora a Integra\u00e7\u00e3o Digital tem a sua marca registrada!"},"content":{"rendered":"<p>&nbsp;<\/p>\n<p><img decoding=\"async\" class=\"aligncenter wp-image-2821 size-full\" title=\"Registro de marca INPI: por que escolher uma ag\u00eancia registrada?\" src=\"https:\/\/www.integracaodigital.com.br\/blog\/wp-content\/uploads\/2025\/02\/11-1.png\" alt=\"Registro de marca INPI: por que escolher uma ag\u00eancia registrada?\" width=\"1024\" height=\"498\" srcset=\"https:\/\/www.integracaodigital.com.br\/blog\/wp-content\/uploads\/2025\/02\/11-1.png 1024w, https:\/\/www.integracaodigital.com.br\/blog\/wp-content\/uploads\/2025\/02\/11-1-300x146.png 300w, https:\/\/www.integracaodigital.com.br\/blog\/wp-content\/uploads\/2025\/02\/11-1-768x374.png 768w, https:\/\/www.integracaodigital.com.br\/blog\/wp-content\/uploads\/2025\/02\/11-1-650x316.png 650w, https:\/\/www.integracaodigital.com.br\/blog\/wp-content\/uploads\/2025\/02\/11-1-440x214.png 440w\" sizes=\"(max-width: 1024px) 100vw, 1024px\" \/><\/p>\n<p><span style=\"font-weight: 400;\">O<\/span> <a href=\"https:\/\/www.integracaodigital.com.br\/n\/\"><b>registro de marca INPI<\/b><\/a><span style=\"font-weight: 400;\"> \u00e9 fundamental para proteger a identidade de uma empresa e evitar que terceiros utilizem indevidamente sua marca.\u00a0<\/span><\/p>\n<p><span style=\"font-weight: 400;\">E, agora, a Integra\u00e7\u00e3o Digital, comprometida com solu\u00e7\u00f5es criativas e resultados tang\u00edveis, possui sua marca registrada no INPI.<\/span><\/p>\n<p><span style=\"font-weight: 400;\">Neste texto, voc\u00ea vai saber como esse recurso \u00e9 important\u00edssimo para refor\u00e7ar a presen\u00e7a no mercado, garantir a autenticidade de seus servi\u00e7os e melhorar, mais ainda, nosso marketing digital. Acompanhe-o.<\/span><\/p>\n<h2><b>O que \u00e9 o registro de marca INPI?<\/b><\/h2>\n<p><span style=\"font-weight: 400;\">O registro de marca no INPI (Instituto Nacional da Propriedade Industrial) \u00e9 o processo legal que garante a exclusividade de uso de uma marca em seu segmento de atua\u00e7\u00e3o.\u00a0<\/span><\/p>\n<p><span style=\"font-weight: 400;\">Com ele, uma empresa assegura sua identidade visual e evita que concorrentes utilizem um nome ou logotipo semelhante.\u00a0<\/span><\/p>\n<p><span style=\"font-weight: 400;\">Al\u00e9m da prote\u00e7\u00e3o jur\u00eddica, o registro fortalece a credibilidade da marca, refor\u00e7ando sua presen\u00e7a no mercado.<\/span><\/p>\n<h3><b>Principais classes do registro de marca<\/b><\/h3>\n<p><span style=\"font-weight: 400;\">As marcas s\u00e3o classificadas conforme a Classifica\u00e7\u00e3o de Nice, dividida entre produtos (1 a 34) e servi\u00e7os (35 a 45).\u00a0<\/span><\/p>\n<p><span style=\"font-weight: 400;\">Empresas do setor digital, por exemplo, costumam registrar sua marca nas seguintes classes, \u00e0s quais a Integra\u00e7\u00e3o Digital faz, agora, tamb\u00e9m parte:<\/span><\/p>\n<p><b>Classe 35 <\/b><span style=\"font-weight: 400;\">\u2013 Servi\u00e7os de publicidade, marketing e gest\u00e3o comercial.<\/span><\/p>\n<p><b>41<\/b><span style=\"font-weight: 400;\"> \u2013 Educa\u00e7\u00e3o, treinamentos e produ\u00e7\u00e3o de conte\u00fados digitais.<\/span><\/p>\n<p><b>42<\/b><span style=\"font-weight: 400;\"> \u2013 Tecnologia, desenvolvimento de software e consultoria em TI.<\/span><\/p>\n<p><span style=\"font-weight: 400;\">A escolha da classe correta \u00e9 fundamental para garantir que a marca esteja protegida dentro do seu segmento, para, assim, evitar conflitos com neg\u00f3cios de \u00e1reas diferentes.<\/span><\/p>\n<h2><b>A import\u00e2ncia do registro de marca INPI para ag\u00eancias de marketing digital<\/b><\/h2>\n<p><span style=\"font-weight: 400;\">O registro de marca no INPI (Instituto Nacional da Propriedade Industrial) \u00e9 um passo crucial para as ag\u00eancias de marketing digital, pois, assim, proporciona seguran\u00e7a jur\u00eddica e prote\u00e7\u00e3o contra o uso indevido da marca.\u00a0<\/span><\/p>\n<p><span style=\"font-weight: 400;\">Em um cen\u00e1rio onde a concorr\u00eancia \u00e9 acirrada, a identidade da marca se torna um ativo valioso. Assim, o registro formaliza a exclusividade do uso da marca, garantindo que a ag\u00eancia possa se destacar sem o temor de que concorrentes se apropriem de sua identidade ou confundam o p\u00fablico.\u00a0<\/span><\/p>\n<p><span style=\"font-weight: 400;\">Essa prote\u00e7\u00e3o \u00e9 um indicativo de <\/span><b>credibilidade e profissionalismo<\/b><span style=\"font-weight: 400;\">, aspectos essenciais para empresas que buscam estabelecer uma boa reputa\u00e7\u00e3o no mercado.<\/span><\/p>\n<h3><b>Prote\u00e7\u00e3o legal e seguran\u00e7a<\/b><\/h3>\n<p><span style=\"font-weight: 400;\">Por registrar a marca, a Integra\u00e7\u00e3o Digital (carinhosamente conhecida como ID), com registro de marca INPI, se resguarda de lit\u00edgios futuros que podem surgir em decorr\u00eancia de disputas sobre identidade de marca.\u00a0<\/span><\/p>\n<p><span style=\"font-weight: 400;\">O registro no INPI \u00e9 um documento legal que comprova a propriedade da marca, e, portanto, \u00e9 um recurso valioso em caso de contesta\u00e7\u00f5es.\u00a0<\/span><\/p>\n<p><span style=\"font-weight: 400;\">Por exemplo, se outra empresa tentar registrar uma marca similar, a ag\u00eancia j\u00e1 ter\u00e1 um argumento forte para defender sua posi\u00e7\u00e3o.\u00a0<\/span><\/p>\n<p><span style=\"font-weight: 400;\">Dessa forma, o registro n\u00e3o apenas protege a marca, como tamb\u00e9m assegura que a ag\u00eancia possa continuar a desenvolver suas estrat\u00e9gias de marketing sem interrup\u00e7\u00f5es.<\/span><\/p>\n<h3><b>Relev\u00e2ncia no ambiente digital<\/b><\/h3>\n<p><span style=\"font-weight: 400;\">Tamb\u00e9m, no ambiente digital, onde a <\/span><b>presen\u00e7a online<\/b><span style=\"font-weight: 400;\"> \u00e9 fundamental, ter uma marca registrada \u00e9 ainda mais relevante. Isso se deve ao fato de que, com o crescimento das redes sociais e das plataformas digitais, a possibilidade de imita\u00e7\u00e3o e pl\u00e1gio aumenta consideravelmente.\u00a0<\/span><\/p>\n<p><span style=\"font-weight: 400;\">Portanto, tendo sua marca registrada, a ID pode agir rapidamente contra infratores, o que mant\u00e9m sua integridade e a confian\u00e7a dos clientes.\u00a0<\/span><\/p>\n<p><span style=\"font-weight: 400;\">O registro facilita a constru\u00e7\u00e3o de uma identidade forte e reconhec\u00edvel, essencial para o sucesso em campanhas de marketing digital.<\/span><\/p>\n<h2><b>Desafios superados pela Integra\u00e7\u00e3o Digital no registro de marca INPI<\/b><\/h2>\n<p><span style=\"font-weight: 400;\">No processo de registro da marca INPI, a Integra\u00e7\u00e3o Digital enfrentou desafios significativos, que exigiram uma abordagem estrat\u00e9gica e bem planejada.\u00a0<\/span><\/p>\n<p><span style=\"font-weight: 400;\">A ID, para obter registros nas classes 35, 41 e 42, teve que lidar com a demanda de informa\u00e7\u00f5es e dados necess\u00e1rios para comprovar a originalidade da marca.\u00a0<\/span><\/p>\n<p><span style=\"font-weight: 400;\">Em contraste com outras ag\u00eancias, que podem ter marcas semelhantes, a Integra\u00e7\u00e3o Digital se desafiou a demonstrar a <\/span><b>singularidade de seu nome e identidade visual<\/b><span style=\"font-weight: 400;\">.\u00a0<\/span><\/p>\n<p><span style=\"font-weight: 400;\">O comprometimento em criar uma marca distintiva foi fundamental para superar esse obst\u00e1culo.\u00a0<\/span><\/p>\n<p><span style=\"font-weight: 400;\">E, finalmente, a persist\u00eancia na coleta de provas e documenta\u00e7\u00e3o levou \u00e0 aprova\u00e7\u00e3o do registro, solidificando a marca no mercado.<\/span><\/p>\n<h2><b>ID: identidade e marketing fortalecidos<\/b><\/h2>\n<p><span style=\"font-weight: 400;\">Uma maneira importante pela qual a Integra\u00e7\u00e3o Digital fortalece sua identidade de marca \u00e9 por meio da consist\u00eancia em sua comunica\u00e7\u00e3o.\u00a0<\/span><\/p>\n<p><span style=\"font-weight: 400;\">O registro da marca INPI proporciona uma base s\u00f3lida sobre a qual a ag\u00eancia pode construir sua identidade visual e verbal.\u00a0<\/span><\/p>\n<p><span style=\"font-weight: 400;\">Assim, a utiliza\u00e7\u00e3o de elementos gr\u00e1ficos e mensagens coerentes em todas as plataformas digitais resultou em um reconhecimento de marca mais forte. A consist\u00eancia n\u00e3o apenas ajuda a estabelecer confian\u00e7a, como tamb\u00e9m a solidificar a presen\u00e7a da marca no mercado.<\/span><\/p>\n<h3><b>Cria\u00e7\u00e3o de conte\u00fado aut\u00eantico<\/b><\/h3>\n<p><span style=\"font-weight: 400;\">Al\u00e9m disso, o registro de marca INPI permite \u00e0 Integra\u00e7\u00e3o Digital criar conte\u00fados aut\u00eanticos e relevantes que ressoam com seu <\/span><b>p\u00fablico-alvo<\/b><span style=\"font-weight: 400;\">.\u00a0<\/span><\/p>\n<p><span style=\"font-weight: 400;\">Com a seguran\u00e7a de que sua marca est\u00e1 protegida, a ag\u00eancia poder\u00e1 investir em estrat\u00e9gias de inbound marketing que atraem clientes em potencial.\u00a0<\/span><\/p>\n<h3><b>Aumentando a credibilidade<\/b><\/h3>\n<p><span style=\"font-weight: 400;\">Finalmente, n\u00f3s, da ID, utilizaremos o registro de marca como um diferencial competitivo.\u00a0<\/span><\/p>\n<p><span style=\"font-weight: 400;\">A comunica\u00e7\u00e3o dessa conquista para os clientes e parceiros de neg\u00f3cios gerar\u00e1 uma percep\u00e7\u00e3o de credibilidade e profissionalismo ainda maior.\u00a0<\/span><\/p>\n<p><span style=\"font-weight: 400;\">Isso se traduzir\u00e1 em mais oportunidades de colabora\u00e7\u00e3o e<\/span><b> parcerias estrat\u00e9gicas<\/b><span style=\"font-weight: 400;\">, algo que termina em um solu\u00e7\u00f5es cada vez mais qualitativas dadas aos nossos clientes!<\/span><\/p>\n<p><span style=\"font-weight: 400;\">Em outras palavras, o registro da marca INPI n\u00e3o apenas protege a identidade da ag\u00eancia, mas tamb\u00e9m a posiciona como uma refer\u00eancia no mercado de marketing digital, permitindo um crescimento sustent\u00e1vel e cont\u00ednuo.<\/span><\/p>\n<p><b>Leia tamb\u00e9m este texto: <\/b><a href=\"https:\/\/www.integracaodigital.com.br\/blog\/2024\/03\/14\/agencia-de-seo-guia-definitivo\/\"><b>Ag\u00eancia De SEO: Escolha A Melhor Parceira Para O Seu Neg\u00f3cio<\/b><\/a><\/p>\n<h2><b>Integre-se a quem tem resultados \u00edntegros e confi\u00e1veis. Opte pela ID!<\/b><\/h2>\n<p><span style=\"font-weight: 400;\">A<\/span> <a href=\"https:\/\/www.integracaodigital.com.br\/\"><b>Integra\u00e7\u00e3o Digital<\/b><\/a> <span style=\"font-weight: 400;\">\u00e9 uma ag\u00eancia de marketing digital com uma trajet\u00f3ria s\u00f3lida, focada em criatividade e estrat\u00e9gia.\u00a0<\/span><\/p>\n<p><span style=\"font-weight: 400;\">Oferecemos solu\u00e7\u00f5es personalizadas, desde SEO at\u00e9 a cria\u00e7\u00e3o de sites e lojas virtuais, sempre com o usu\u00e1rio no centro de nossas a\u00e7\u00f5es.<\/span><\/p>\n<p><span style=\"font-weight: 400;\">Nosso compromisso com a excel\u00eancia se reflete em um atendimento \u00e1gil e eficiente, resultando em resultados tang\u00edveis para nossos clientes.<\/span><\/p>\n<p><span style=\"font-weight: 400;\">Com experi\u00eancia em inbound marketing e Google Ads, desenvolvemos campanhas que geram tr\u00e1fego e convers\u00f5es significativas.<\/span><\/p>\n<p><span style=\"font-weight: 400;\">Entre em contato conosco para saber como podemos transformar suas ideias em resultados concretos.\u00a0<\/span><\/p>\n<p><a href=\"https:\/\/www.integracaodigital.com.br\/n\/#9\"><b>Solicite uma consulta<\/b><\/a><span style=\"font-weight: 400;\"> sem compromisso e descubra o impacto da Integra\u00e7\u00e3o Digital no seu neg\u00f3cio.<\/span><\/p>\n","protected":false},"excerpt":{"rendered":"<p>&nbsp; O registro de marca INPI \u00e9 fundamental para proteger a identidade de uma empresa e evitar que terceiros utilizem indevidamente sua marca.\u00a0 E, agora, a Integra\u00e7\u00e3o Digital, comprometida com solu\u00e7\u00f5es criativas e resultados tang\u00edveis, possui sua marca registrada no INPI. Neste texto, voc\u00ea vai saber como esse recurso \u00e9 important\u00edssimo para refor\u00e7ar a presen\u00e7a&hellip;<\/p>\n","protected":false},"author":2,"featured_media":2817,"comment_status":"closed","ping_status":"closed","sticky":false,"template":"","format":"standard","meta":{"footnotes":""},"categories":[403],"tags":[490,554,562,544,551,560,549,555,435,542,553,559,546,540,556,550,543,541,561,552,545,539,548,558,557,547],"class_list":["post-2795","post","type-post","status-publish","format-standard","has-post-thumbnail","hentry","category-negocios","tag-branding","tag-certificacao-inpi","tag-diferenciacao-de-mercado","tag-direito-de-marca","tag-direitos-autorais","tag-direitos-de-propriedade","tag-exclusividade-de-marca","tag-gestao-de-marca","tag-identidade-visual","tag-inpi","tag-legalizacao-de-marca","tag-marca-exclusiva","tag-marca-protegida","tag-marca-registrada","tag-nome-comercial","tag-patente-e-marca","tag-propriedade-intelectual","tag-protecao-de-marca","tag-protecao-legal","tag-reconhecimento-de-marca","tag-registro-de-marca","tag-registro-de-marca-inpi","tag-registro-empresarial","tag-registro-juridico","tag-registro-oficial","tag-seguranca-juridica"],"yoast_head":"<!-- This site is optimized with the Yoast SEO plugin v27.5 - https:\/\/yoast.com\/product\/yoast-seo-wordpress\/ -->\n<title>Registro de marca INPI: por que escolher uma ag\u00eancia registrada?<\/title>\n<meta name=\"description\" content=\"Saiba como a Integra\u00e7\u00e3o Digital garante mais um passo dado rumo \u00e0 excel\u00eancia e expertise em marketing digital com o registro de marca INPI.\" \/>\n<meta name=\"robots\" content=\"index, follow, max-snippet:-1, max-image-preview:large, max-video-preview:-1\" \/>\n<link rel=\"canonical\" href=\"https:\/\/www.integracaodigital.com.br\/blog\/2025\/02\/15\/registro-de-marca-inpi-agora-a-id-tambem-tem\/\" \/>\n<meta property=\"og:locale\" content=\"pt_BR\" \/>\n<meta property=\"og:type\" content=\"article\" \/>\n<meta property=\"og:title\" content=\"Registro de marca INPI: por que escolher uma ag\u00eancia registrada?\" \/>\n<meta property=\"og:description\" content=\"Saiba como a Integra\u00e7\u00e3o Digital garante mais um passo dado rumo \u00e0 excel\u00eancia e expertise em marketing digital com o registro de marca INPI.\" \/>\n<meta property=\"og:url\" content=\"https:\/\/www.integracaodigital.com.br\/blog\/2025\/02\/15\/registro-de-marca-inpi-agora-a-id-tambem-tem\/\" \/>\n<meta property=\"og:site_name\" content=\"Blog - Integra\u00e7\u00e3o Digital\" \/>\n<meta property=\"article:publisher\" content=\"https:\/\/www.facebook.com\/integracaodigital\/\" \/>\n<meta property=\"article:published_time\" content=\"2025-02-15T14:29:26+00:00\" \/>\n<meta property=\"article:modified_time\" content=\"2025-06-12T17:05:36+00:00\" \/>\n<meta property=\"og:image\" content=\"https:\/\/www.integracaodigital.com.br\/blog\/wp-content\/uploads\/2025\/02\/11-2.png\" \/>\n\t<meta property=\"og:image:width\" content=\"1200\" \/>\n\t<meta property=\"og:image:height\" content=\"628\" \/>\n\t<meta property=\"og:image:type\" content=\"image\/png\" \/>\n<meta name=\"author\" content=\"Natacha Tressino\" \/>\n<meta name=\"twitter:card\" content=\"summary_large_image\" \/>\n<meta name=\"twitter:label1\" content=\"Escrito por\" \/>\n\t<meta name=\"twitter:data1\" content=\"Natacha Tressino\" \/>\n\t<meta name=\"twitter:label2\" content=\"Est. tempo de leitura\" \/>\n\t<meta name=\"twitter:data2\" content=\"7 minutos\" \/>\n<script type=\"application\/ld+json\" class=\"yoast-schema-graph\">{\"@context\":\"https:\\\/\\\/schema.org\",\"@graph\":[{\"@type\":\"Article\",\"@id\":\"https:\\\/\\\/www.integracaodigital.com.br\\\/blog\\\/2025\\\/02\\\/15\\\/registro-de-marca-inpi-agora-a-id-tambem-tem\\\/#article\",\"isPartOf\":{\"@id\":\"https:\\\/\\\/www.integracaodigital.com.br\\\/blog\\\/2025\\\/02\\\/15\\\/registro-de-marca-inpi-agora-a-id-tambem-tem\\\/\"},\"author\":{\"name\":\"Natacha Tressino\",\"@id\":\"https:\\\/\\\/www.integracaodigital.com.br\\\/blog\\\/#\\\/schema\\\/person\\\/5953f4e2397d7732fb7e6f8729a3c418\"},\"headline\":\"Registro de marca INPI: agora a Integra\u00e7\u00e3o Digital tem a sua marca registrada!\",\"datePublished\":\"2025-02-15T14:29:26+00:00\",\"dateModified\":\"2025-06-12T17:05:36+00:00\",\"mainEntityOfPage\":{\"@id\":\"https:\\\/\\\/www.integracaodigital.com.br\\\/blog\\\/2025\\\/02\\\/15\\\/registro-de-marca-inpi-agora-a-id-tambem-tem\\\/\"},\"wordCount\":1144,\"publisher\":{\"@id\":\"https:\\\/\\\/www.integracaodigital.com.br\\\/blog\\\/#organization\"},\"image\":{\"@id\":\"https:\\\/\\\/www.integracaodigital.com.br\\\/blog\\\/2025\\\/02\\\/15\\\/registro-de-marca-inpi-agora-a-id-tambem-tem\\\/#primaryimage\"},\"thumbnailUrl\":\"https:\\\/\\\/www.integracaodigital.com.br\\\/blog\\\/wp-content\\\/uploads\\\/2025\\\/02\\\/11.png\",\"keywords\":[\"branding\",\"certifica\u00e7\u00e3o inpi\",\"diferencia\u00e7\u00e3o de mercado\",\"direito de marca\",\"direitos autorais\",\"direitos de propriedade\",\"exclusividade de marca\",\"gest\u00e3o de marca\",\"identidade visual\",\"inpi\",\"legaliza\u00e7\u00e3o de marca\",\"marca exclusiva\",\"marca protegida\",\"marca registrada\",\"nome comercial\",\"patente e marca\",\"propriedade intelectual\",\"prote\u00e7\u00e3o de marca\",\"prote\u00e7\u00e3o legal\",\"reconhecimento de marca\",\"registro de marca\",\"registro de marca inpi\",\"registro empresarial\",\"registro jur\u00eddico\",\"registro oficial\",\"seguran\u00e7a jur\u00eddica\"],\"articleSection\":[\"Neg\u00f3cios\"],\"inLanguage\":\"pt-BR\"},{\"@type\":\"WebPage\",\"@id\":\"https:\\\/\\\/www.integracaodigital.com.br\\\/blog\\\/2025\\\/02\\\/15\\\/registro-de-marca-inpi-agora-a-id-tambem-tem\\\/\",\"url\":\"https:\\\/\\\/www.integracaodigital.com.br\\\/blog\\\/2025\\\/02\\\/15\\\/registro-de-marca-inpi-agora-a-id-tambem-tem\\\/\",\"name\":\"Registro de marca INPI: por que escolher uma ag\u00eancia registrada?\",\"isPartOf\":{\"@id\":\"https:\\\/\\\/www.integracaodigital.com.br\\\/blog\\\/#website\"},\"primaryImageOfPage\":{\"@id\":\"https:\\\/\\\/www.integracaodigital.com.br\\\/blog\\\/2025\\\/02\\\/15\\\/registro-de-marca-inpi-agora-a-id-tambem-tem\\\/#primaryimage\"},\"image\":{\"@id\":\"https:\\\/\\\/www.integracaodigital.com.br\\\/blog\\\/2025\\\/02\\\/15\\\/registro-de-marca-inpi-agora-a-id-tambem-tem\\\/#primaryimage\"},\"thumbnailUrl\":\"https:\\\/\\\/www.integracaodigital.com.br\\\/blog\\\/wp-content\\\/uploads\\\/2025\\\/02\\\/11.png\",\"datePublished\":\"2025-02-15T14:29:26+00:00\",\"dateModified\":\"2025-06-12T17:05:36+00:00\",\"description\":\"Saiba como a Integra\u00e7\u00e3o Digital garante mais um passo dado rumo \u00e0 excel\u00eancia e expertise em marketing digital com o registro de marca INPI.\",\"breadcrumb\":{\"@id\":\"https:\\\/\\\/www.integracaodigital.com.br\\\/blog\\\/2025\\\/02\\\/15\\\/registro-de-marca-inpi-agora-a-id-tambem-tem\\\/#breadcrumb\"},\"inLanguage\":\"pt-BR\",\"potentialAction\":[{\"@type\":\"ReadAction\",\"target\":[\"https:\\\/\\\/www.integracaodigital.com.br\\\/blog\\\/2025\\\/02\\\/15\\\/registro-de-marca-inpi-agora-a-id-tambem-tem\\\/\"]}]},{\"@type\":\"ImageObject\",\"inLanguage\":\"pt-BR\",\"@id\":\"https:\\\/\\\/www.integracaodigital.com.br\\\/blog\\\/2025\\\/02\\\/15\\\/registro-de-marca-inpi-agora-a-id-tambem-tem\\\/#primaryimage\",\"url\":\"https:\\\/\\\/www.integracaodigital.com.br\\\/blog\\\/wp-content\\\/uploads\\\/2025\\\/02\\\/11.png\",\"contentUrl\":\"https:\\\/\\\/www.integracaodigital.com.br\\\/blog\\\/wp-content\\\/uploads\\\/2025\\\/02\\\/11.png\",\"width\":858,\"height\":625,\"caption\":\"Registro de marca INPI: por que escolher uma ag\u00eancia registrada?\"},{\"@type\":\"BreadcrumbList\",\"@id\":\"https:\\\/\\\/www.integracaodigital.com.br\\\/blog\\\/2025\\\/02\\\/15\\\/registro-de-marca-inpi-agora-a-id-tambem-tem\\\/#breadcrumb\",\"itemListElement\":[{\"@type\":\"ListItem\",\"position\":1,\"name\":\"Blog\",\"item\":\"https:\\\/\\\/www.integracaodigital.com.br\\\/blog\\\/\"},{\"@type\":\"ListItem\",\"position\":2,\"name\":\"Registro de marca INPI: agora a Integra\u00e7\u00e3o Digital tem a sua marca registrada!\"}]},{\"@type\":\"WebSite\",\"@id\":\"https:\\\/\\\/www.integracaodigital.com.br\\\/blog\\\/#website\",\"url\":\"https:\\\/\\\/www.integracaodigital.com.br\\\/blog\\\/\",\"name\":\"Blog - Integra\u00e7\u00e3o Digital\",\"description\":\"Ag\u00eancia de Marketing Digital\",\"publisher\":{\"@id\":\"https:\\\/\\\/www.integracaodigital.com.br\\\/blog\\\/#organization\"},\"potentialAction\":[{\"@type\":\"SearchAction\",\"target\":{\"@type\":\"EntryPoint\",\"urlTemplate\":\"https:\\\/\\\/www.integracaodigital.com.br\\\/blog\\\/?s={search_term_string}\"},\"query-input\":{\"@type\":\"PropertyValueSpecification\",\"valueRequired\":true,\"valueName\":\"search_term_string\"}}],\"inLanguage\":\"pt-BR\"},{\"@type\":\"Organization\",\"@id\":\"https:\\\/\\\/www.integracaodigital.com.br\\\/blog\\\/#organization\",\"name\":\"Integra\u00e7\u00e3o Digital\",\"url\":\"https:\\\/\\\/www.integracaodigital.com.br\\\/blog\\\/\",\"logo\":{\"@type\":\"ImageObject\",\"inLanguage\":\"pt-BR\",\"@id\":\"https:\\\/\\\/www.integracaodigital.com.br\\\/blog\\\/#\\\/schema\\\/logo\\\/image\\\/\",\"url\":\"https:\\\/\\\/www.integracaodigital.com.br\\\/blog\\\/wp-content\\\/uploads\\\/2020\\\/06\\\/logo-integracao-digital.png\",\"contentUrl\":\"https:\\\/\\\/www.integracaodigital.com.br\\\/blog\\\/wp-content\\\/uploads\\\/2020\\\/06\\\/logo-integracao-digital.png\",\"width\":500,\"height\":487,\"caption\":\"Integra\u00e7\u00e3o Digital\"},\"image\":{\"@id\":\"https:\\\/\\\/www.integracaodigital.com.br\\\/blog\\\/#\\\/schema\\\/logo\\\/image\\\/\"},\"sameAs\":[\"https:\\\/\\\/www.facebook.com\\\/integracaodigital\\\/\",\"https:\\\/\\\/pt.linkedin.com\\\/company\\\/integra\u00e7\u00e3o-digital\",\"https:\\\/\\\/www.instagram.com\\\/integracaodigital\\\/\"]},{\"@type\":\"Person\",\"@id\":\"https:\\\/\\\/www.integracaodigital.com.br\\\/blog\\\/#\\\/schema\\\/person\\\/5953f4e2397d7732fb7e6f8729a3c418\",\"name\":\"Natacha Tressino\",\"image\":{\"@type\":\"ImageObject\",\"inLanguage\":\"pt-BR\",\"@id\":\"https:\\\/\\\/secure.gravatar.com\\\/avatar\\\/014972316ba0803eac53aa79976ccd8e2c149fd2289a80da64834d2fba132bc0?s=96&d=wp_user_avatar&r=g\",\"url\":\"https:\\\/\\\/secure.gravatar.com\\\/avatar\\\/014972316ba0803eac53aa79976ccd8e2c149fd2289a80da64834d2fba132bc0?s=96&d=wp_user_avatar&r=g\",\"contentUrl\":\"https:\\\/\\\/secure.gravatar.com\\\/avatar\\\/014972316ba0803eac53aa79976ccd8e2c149fd2289a80da64834d2fba132bc0?s=96&d=wp_user_avatar&r=g\",\"caption\":\"Natacha Tressino\"},\"description\":\"Sou redatora publicit\u00e1ria, com experi\u00eancia em design e aspirante a UX Writing! Amo os animais e n\u00e3o dispenso um sorvete. Gosto de passeios ao ar livre, teatro, filmes e um bom livro.\",\"url\":\"https:\\\/\\\/www.integracaodigital.com.br\\\/blog\\\/author\\\/natacha-tressino\\\/\"}]}<\/script>\n<!-- \/ Yoast SEO plugin. -->","yoast_head_json":{"title":"Registro de marca INPI: por que escolher uma ag\u00eancia registrada?","description":"Saiba como a Integra\u00e7\u00e3o Digital garante mais um passo dado rumo \u00e0 excel\u00eancia e expertise em marketing digital com o registro de marca INPI.","robots":{"index":"index","follow":"follow","max-snippet":"max-snippet:-1","max-image-preview":"max-image-preview:large","max-video-preview":"max-video-preview:-1"},"canonical":"https:\/\/www.integracaodigital.com.br\/blog\/2025\/02\/15\/registro-de-marca-inpi-agora-a-id-tambem-tem\/","og_locale":"pt_BR","og_type":"article","og_title":"Registro de marca INPI: por que escolher uma ag\u00eancia registrada?","og_description":"Saiba como a Integra\u00e7\u00e3o Digital garante mais um passo dado rumo \u00e0 excel\u00eancia e expertise em marketing digital com o registro de marca INPI.","og_url":"https:\/\/www.integracaodigital.com.br\/blog\/2025\/02\/15\/registro-de-marca-inpi-agora-a-id-tambem-tem\/","og_site_name":"Blog - Integra\u00e7\u00e3o Digital","article_publisher":"https:\/\/www.facebook.com\/integracaodigital\/","article_published_time":"2025-02-15T14:29:26+00:00","article_modified_time":"2025-06-12T17:05:36+00:00","og_image":[{"width":1200,"height":628,"url":"https:\/\/www.integracaodigital.com.br\/blog\/wp-content\/uploads\/2025\/02\/11-2.png","type":"image\/png"}],"author":"Natacha Tressino","twitter_card":"summary_large_image","twitter_misc":{"Escrito por":"Natacha Tressino","Est. tempo de leitura":"7 minutos"},"schema":{"@context":"https:\/\/schema.org","@graph":[{"@type":"Article","@id":"https:\/\/www.integracaodigital.com.br\/blog\/2025\/02\/15\/registro-de-marca-inpi-agora-a-id-tambem-tem\/#article","isPartOf":{"@id":"https:\/\/www.integracaodigital.com.br\/blog\/2025\/02\/15\/registro-de-marca-inpi-agora-a-id-tambem-tem\/"},"author":{"name":"Natacha Tressino","@id":"https:\/\/www.integracaodigital.com.br\/blog\/#\/schema\/person\/5953f4e2397d7732fb7e6f8729a3c418"},"headline":"Registro de marca INPI: agora a Integra\u00e7\u00e3o Digital tem a sua marca registrada!","datePublished":"2025-02-15T14:29:26+00:00","dateModified":"2025-06-12T17:05:36+00:00","mainEntityOfPage":{"@id":"https:\/\/www.integracaodigital.com.br\/blog\/2025\/02\/15\/registro-de-marca-inpi-agora-a-id-tambem-tem\/"},"wordCount":1144,"publisher":{"@id":"https:\/\/www.integracaodigital.com.br\/blog\/#organization"},"image":{"@id":"https:\/\/www.integracaodigital.com.br\/blog\/2025\/02\/15\/registro-de-marca-inpi-agora-a-id-tambem-tem\/#primaryimage"},"thumbnailUrl":"https:\/\/www.integracaodigital.com.br\/blog\/wp-content\/uploads\/2025\/02\/11.png","keywords":["branding","certifica\u00e7\u00e3o inpi","diferencia\u00e7\u00e3o de mercado","direito de marca","direitos autorais","direitos de propriedade","exclusividade de marca","gest\u00e3o de marca","identidade visual","inpi","legaliza\u00e7\u00e3o de marca","marca exclusiva","marca protegida","marca registrada","nome comercial","patente e marca","propriedade intelectual","prote\u00e7\u00e3o de marca","prote\u00e7\u00e3o legal","reconhecimento de marca","registro de marca","registro de marca inpi","registro empresarial","registro jur\u00eddico","registro oficial","seguran\u00e7a jur\u00eddica"],"articleSection":["Neg\u00f3cios"],"inLanguage":"pt-BR"},{"@type":"WebPage","@id":"https:\/\/www.integracaodigital.com.br\/blog\/2025\/02\/15\/registro-de-marca-inpi-agora-a-id-tambem-tem\/","url":"https:\/\/www.integracaodigital.com.br\/blog\/2025\/02\/15\/registro-de-marca-inpi-agora-a-id-tambem-tem\/","name":"Registro de marca INPI: por que escolher uma ag\u00eancia registrada?","isPartOf":{"@id":"https:\/\/www.integracaodigital.com.br\/blog\/#website"},"primaryImageOfPage":{"@id":"https:\/\/www.integracaodigital.com.br\/blog\/2025\/02\/15\/registro-de-marca-inpi-agora-a-id-tambem-tem\/#primaryimage"},"image":{"@id":"https:\/\/www.integracaodigital.com.br\/blog\/2025\/02\/15\/registro-de-marca-inpi-agora-a-id-tambem-tem\/#primaryimage"},"thumbnailUrl":"https:\/\/www.integracaodigital.com.br\/blog\/wp-content\/uploads\/2025\/02\/11.png","datePublished":"2025-02-15T14:29:26+00:00","dateModified":"2025-06-12T17:05:36+00:00","description":"Saiba como a Integra\u00e7\u00e3o Digital garante mais um passo dado rumo \u00e0 excel\u00eancia e expertise em marketing digital com o registro de marca INPI.","breadcrumb":{"@id":"https:\/\/www.integracaodigital.com.br\/blog\/2025\/02\/15\/registro-de-marca-inpi-agora-a-id-tambem-tem\/#breadcrumb"},"inLanguage":"pt-BR","potentialAction":[{"@type":"ReadAction","target":["https:\/\/www.integracaodigital.com.br\/blog\/2025\/02\/15\/registro-de-marca-inpi-agora-a-id-tambem-tem\/"]}]},{"@type":"ImageObject","inLanguage":"pt-BR","@id":"https:\/\/www.integracaodigital.com.br\/blog\/2025\/02\/15\/registro-de-marca-inpi-agora-a-id-tambem-tem\/#primaryimage","url":"https:\/\/www.integracaodigital.com.br\/blog\/wp-content\/uploads\/2025\/02\/11.png","contentUrl":"https:\/\/www.integracaodigital.com.br\/blog\/wp-content\/uploads\/2025\/02\/11.png","width":858,"height":625,"caption":"Registro de marca INPI: por que escolher uma ag\u00eancia registrada?"},{"@type":"BreadcrumbList","@id":"https:\/\/www.integracaodigital.com.br\/blog\/2025\/02\/15\/registro-de-marca-inpi-agora-a-id-tambem-tem\/#breadcrumb","itemListElement":[{"@type":"ListItem","position":1,"name":"Blog","item":"https:\/\/www.integracaodigital.com.br\/blog\/"},{"@type":"ListItem","position":2,"name":"Registro de marca INPI: agora a Integra\u00e7\u00e3o Digital tem a sua marca registrada!"}]},{"@type":"WebSite","@id":"https:\/\/www.integracaodigital.com.br\/blog\/#website","url":"https:\/\/www.integracaodigital.com.br\/blog\/","name":"Blog - Integra\u00e7\u00e3o Digital","description":"Ag\u00eancia de Marketing Digital","publisher":{"@id":"https:\/\/www.integracaodigital.com.br\/blog\/#organization"},"potentialAction":[{"@type":"SearchAction","target":{"@type":"EntryPoint","urlTemplate":"https:\/\/www.integracaodigital.com.br\/blog\/?s={search_term_string}"},"query-input":{"@type":"PropertyValueSpecification","valueRequired":true,"valueName":"search_term_string"}}],"inLanguage":"pt-BR"},{"@type":"Organization","@id":"https:\/\/www.integracaodigital.com.br\/blog\/#organization","name":"Integra\u00e7\u00e3o Digital","url":"https:\/\/www.integracaodigital.com.br\/blog\/","logo":{"@type":"ImageObject","inLanguage":"pt-BR","@id":"https:\/\/www.integracaodigital.com.br\/blog\/#\/schema\/logo\/image\/","url":"https:\/\/www.integracaodigital.com.br\/blog\/wp-content\/uploads\/2020\/06\/logo-integracao-digital.png","contentUrl":"https:\/\/www.integracaodigital.com.br\/blog\/wp-content\/uploads\/2020\/06\/logo-integracao-digital.png","width":500,"height":487,"caption":"Integra\u00e7\u00e3o Digital"},"image":{"@id":"https:\/\/www.integracaodigital.com.br\/blog\/#\/schema\/logo\/image\/"},"sameAs":["https:\/\/www.facebook.com\/integracaodigital\/","https:\/\/pt.linkedin.com\/company\/integra\u00e7\u00e3o-digital","https:\/\/www.instagram.com\/integracaodigital\/"]},{"@type":"Person","@id":"https:\/\/www.integracaodigital.com.br\/blog\/#\/schema\/person\/5953f4e2397d7732fb7e6f8729a3c418","name":"Natacha Tressino","image":{"@type":"ImageObject","inLanguage":"pt-BR","@id":"https:\/\/secure.gravatar.com\/avatar\/014972316ba0803eac53aa79976ccd8e2c149fd2289a80da64834d2fba132bc0?s=96&d=wp_user_avatar&r=g","url":"https:\/\/secure.gravatar.com\/avatar\/014972316ba0803eac53aa79976ccd8e2c149fd2289a80da64834d2fba132bc0?s=96&d=wp_user_avatar&r=g","contentUrl":"https:\/\/secure.gravatar.com\/avatar\/014972316ba0803eac53aa79976ccd8e2c149fd2289a80da64834d2fba132bc0?s=96&d=wp_user_avatar&r=g","caption":"Natacha Tressino"},"description":"Sou redatora publicit\u00e1ria, com experi\u00eancia em design e aspirante a UX Writing! Amo os animais e n\u00e3o dispenso um sorvete. Gosto de passeios ao ar livre, teatro, filmes e um bom livro.","url":"https:\/\/www.integracaodigital.com.br\/blog\/author\/natacha-tressino\/"}]}},"_links":{"self":[{"href":"https:\/\/www.integracaodigital.com.br\/blog\/wp-json\/wp\/v2\/posts\/2795","targetHints":{"allow":["GET"]}}],"collection":[{"href":"https:\/\/www.integracaodigital.com.br\/blog\/wp-json\/wp\/v2\/posts"}],"about":[{"href":"https:\/\/www.integracaodigital.com.br\/blog\/wp-json\/wp\/v2\/types\/post"}],"author":[{"embeddable":true,"href":"https:\/\/www.integracaodigital.com.br\/blog\/wp-json\/wp\/v2\/users\/2"}],"replies":[{"embeddable":true,"href":"https:\/\/www.integracaodigital.com.br\/blog\/wp-json\/wp\/v2\/comments?post=2795"}],"version-history":[{"count":7,"href":"https:\/\/www.integracaodigital.com.br\/blog\/wp-json\/wp\/v2\/posts\/2795\/revisions"}],"predecessor-version":[{"id":2822,"href":"https:\/\/www.integracaodigital.com.br\/blog\/wp-json\/wp\/v2\/posts\/2795\/revisions\/2822"}],"wp:featuredmedia":[{"embeddable":true,"href":"https:\/\/www.integracaodigital.com.br\/blog\/wp-json\/wp\/v2\/media\/2817"}],"wp:attachment":[{"href":"https:\/\/www.integracaodigital.com.br\/blog\/wp-json\/wp\/v2\/media?parent=2795"}],"wp:term":[{"taxonomy":"category","embeddable":true,"href":"https:\/\/www.integracaodigital.com.br\/blog\/wp-json\/wp\/v2\/categories?post=2795"},{"taxonomy":"post_tag","embeddable":true,"href":"https:\/\/www.integracaodigital.com.br\/blog\/wp-json\/wp\/v2\/tags?post=2795"}],"curies":[{"name":"wp","href":"https:\/\/api.w.org\/{rel}","templated":true}]}}