{"id":712,"date":"2019-10-31T10:00:31","date_gmt":"2019-10-31T13:00:31","guid":{"rendered":"https:\/\/integracaodigital.com.br\/blog\/?p=712"},"modified":"2024-03-14T10:16:51","modified_gmt":"2024-03-14T13:16:51","slug":"fim-do-flash-no-chrome","status":"publish","type":"post","link":"https:\/\/www.integracaodigital.com.br\/blog\/2019\/10\/31\/fim-do-flash-no-chrome\/","title":{"rendered":"Ser\u00e1 o fim do Flash no Chrome?"},"content":{"rendered":"<h1><img decoding=\"async\" class=\"alignnone wp-image-714 size-full\" title=\"Ser\u00e1 o fim do Flash no Chrome?\" src=\"https:\/\/integracaodigital.com.br\/blog-id\/wp-content\/uploads\/2019\/10\/sera-o-fim-do-flash-_capa-blog.png\" alt=\"Ser\u00e1 o fim do Flash no Chrome?\" width=\"1000\" height=\"486\" srcset=\"https:\/\/www.integracaodigital.com.br\/blog\/wp-content\/uploads\/2019\/10\/sera-o-fim-do-flash-_capa-blog.png 1000w, https:\/\/www.integracaodigital.com.br\/blog\/wp-content\/uploads\/2019\/10\/sera-o-fim-do-flash-_capa-blog-300x146.png 300w, https:\/\/www.integracaodigital.com.br\/blog\/wp-content\/uploads\/2019\/10\/sera-o-fim-do-flash-_capa-blog-768x373.png 768w\" sizes=\"(max-width: 1000px) 100vw, 1000px\" \/><b>Ser\u00e1 o fim do Flash no Chrome?<\/b><\/h1>\n<p><span style=\"font-weight: 400;\">Com o fim das atualiza\u00e7\u00f5es do Flash Player pela <\/span><a href=\"https:\/\/www.adobe.com\/br\/\" target=\"_blank\" rel=\"noopener noreferrer\"><span style=\"font-weight: 400;\">Adobe<\/span><\/a><span style=\"font-weight: 400;\">, o Google anunciou que at\u00e9 o final de 2020 deixar\u00e1 de oferecer suporte ao software. A inten\u00e7\u00e3o \u00e9 melhorar a experi\u00eancia de navega\u00e7\u00e3o, tornando-a mais r\u00e1pida, intuitiva e segura em aplica\u00e7\u00f5es mobile e desktop. Al\u00e9m de incentivar o uso de players como o HTML5, moderno e flex\u00edvel.\u00a0<\/span><\/p>\n<p>&nbsp;<\/p>\n<h2><b>Flash \u00e9 alvo de pol\u00eamicas<\/b><\/h2>\n<p><span style=\"font-weight: 400;\">Desenvolvido para tornar mais din\u00e2mica e intuitiva a experi\u00eancia na web, o Flash \u00e9 um software de gr\u00e1fico vetorial usado para criar anima\u00e7\u00f5es. Por 20 anos ele ajudou a estruturar a forma com a qual voc\u00ea joga, assiste a v\u00eddeos e utiliza aplicativos no meio digital.\u00a0<\/span><\/p>\n<p><span style=\"font-weight: 400;\">Ele tamb\u00e9m foi o propulsor dos primeiros sites animados. Contudo, hoje ele \u00e9 alvo de pol\u00eamicas e diverg\u00eancias entre desenvolvedores e clientes. Isso porque ele n\u00e3o acompanhou a evolu\u00e7\u00e3o e apresenta desempenho reduzido em Iphones, Ipads e qualquer aplica\u00e7\u00e3o m\u00f3vel.\u00a0<\/span><\/p>\n<p><span style=\"font-weight: 400;\">Muitos navegadores n\u00e3o suportam a tecnologia, os usu\u00e1rios s\u00e3o obrigados a instalar um <\/span><i><span style=\"font-weight: 400;\">plug-in <\/span><\/i><span style=\"font-weight: 400;\">para usar, sem falar que p\u00e1ginas em Flash s\u00e3o mais pesadas e precisam de mais tempo de carregamento,\u00a0 algumas nem chegam a serem indexadas. Por essas e outras, que vamos dar adeus ao Flash no Chrome ao final de 2020!<\/span><\/p>\n<p>&nbsp;<\/p>\n<h2><b>Uso de permiss\u00e3o para usar o Flash no Chrome<\/b><\/h2>\n<p><span style=\"font-weight: 400;\">Mas por que n\u00e3o atualizar ao inv\u00e9s de descartar? Com o avan\u00e7ar da web e popularidade dos <em>smartphones<\/em>, o Flash come\u00e7ou a ser menos utilizado. H\u00e1 tr\u00eas anos atr\u00e1s, 80% dos usu\u00e1rios de <em>desktops<\/em> do Chrome utilizavam o Flash diariamente. Nos dia de hoje, esse n\u00famero \u00e9 de 17% e continua caindo.\u00a0<\/span><\/p>\n<p><span style=\"font-weight: 400;\">A verdade \u00e9 que os sites est\u00e3o seguindo a onda de inova\u00e7\u00e3o e migrando para as tecnologias abertas da web. Isso porque s\u00e3o mais r\u00e1pidas, eficientes e seguras para realizar compras, transa\u00e7\u00f5es banc\u00e1rias ou ler documentos confidenciais. Esse tipo de tecnologia tornou-se padr\u00e3o para o Chrome, que desde o ano passado pede permiss\u00e3o para acessar sites com Flash.\u00a0<\/span><\/p>\n<p>&nbsp;<\/p>\n<h2><b>Como essa decis\u00e3o pode me afetar?<\/b><\/h2>\n<p><span style=\"font-weight: 400;\">Uma quest\u00e3o importante: como isso pode te afetar? Caso voc\u00ea tenha o h\u00e1bito de visitar um site que usa o Flash, at\u00e9 o final de 2020 continuar\u00e1 sendo questionado quanto a permiss\u00e3o. <\/span><span style=\"font-weight: 400;\">Se ele migrar para padr\u00f5es da web abertos, deixar\u00e1 de ser notificado e poder\u00e1 acessar o site livremente.\u00a0<\/span><\/p>\n<p><span style=\"font-weight: 400;\">Para nenhum dos cen\u00e1rios, vamos todos ter que aguardar, pois ficar\u00e1 a cargo da empresa (respons\u00e1vel pelo site) decidir por evoluir ou \u2018morrer na praia\u2019, como diz o ditado.\u00a0<\/span><\/p>\n<p>&nbsp;<\/p>\n<p><span style=\"font-weight: 400;\">Para garantir que a web se veja livre do Flash, sem grandes preju\u00edzos, o Google realizou um \u00e1rduo trabalho em conjunto com a Adobe e outros navegadores. Agora \u00e9 esperar para ver como n\u00f3s, usu\u00e1rios, vamos encarar essa decis\u00e3o. Pronto para dizer adeus ao Flash no Chrome?\u00a0<\/span><\/p>\n","protected":false},"excerpt":{"rendered":"<p>Ser\u00e1 o fim do Flash no Chrome? Com o fim das atualiza\u00e7\u00f5es do Flash Player pela Adobe, o Google anunciou que at\u00e9 o final de 2020 deixar\u00e1 de oferecer suporte ao software. A inten\u00e7\u00e3o \u00e9 melhorar a experi\u00eancia de navega\u00e7\u00e3o, tornando-a mais r\u00e1pida, intuitiva e segura em aplica\u00e7\u00f5es mobile e desktop. Al\u00e9m de incentivar o&hellip;<\/p>\n","protected":false},"author":2,"featured_media":714,"comment_status":"closed","ping_status":"open","sticky":false,"template":"","format":"standard","meta":{"footnotes":""},"categories":[404],"tags":[177,178,179,180],"class_list":["post-712","post","type-post","status-publish","format-standard","has-post-thumbnail","hentry","category-marketing-digital","tag-chrome","tag-dispositivo-mobile","tag-flash-player","tag-google-chrome"],"yoast_head":"<!-- This site is optimized with the Yoast SEO plugin v27.5 - https:\/\/yoast.com\/product\/yoast-seo-wordpress\/ -->\n<title>Ser\u00e1 o fim do Flash no Chrome? - Integra\u00e7\u00e3o Digital<\/title>\n<meta name=\"description\" content=\"Sites em Flash n\u00e3o funcionam bem em dispositivos mobile e a Adobe n\u00e3o quer atualizar a aplica\u00e7\u00e3o. Ser\u00e1 o fim do Flash no Chrome? Leia e entenda\" \/>\n<meta name=\"robots\" content=\"index, follow, max-snippet:-1, max-image-preview:large, max-video-preview:-1\" \/>\n<link rel=\"canonical\" href=\"https:\/\/www.integracaodigital.com.br\/blog\/2019\/10\/31\/fim-do-flash-no-chrome\/\" \/>\n<meta property=\"og:locale\" content=\"pt_BR\" \/>\n<meta property=\"og:type\" content=\"article\" \/>\n<meta property=\"og:title\" content=\"Ser\u00e1 o fim do Flash no Chrome? - Integra\u00e7\u00e3o Digital\" \/>\n<meta property=\"og:description\" content=\"Sites em Flash n\u00e3o funcionam bem em dispositivos mobile e a Adobe n\u00e3o quer atualizar a aplica\u00e7\u00e3o. Ser\u00e1 o fim do Flash no Chrome? Leia e entenda\" \/>\n<meta property=\"og:url\" content=\"https:\/\/www.integracaodigital.com.br\/blog\/2019\/10\/31\/fim-do-flash-no-chrome\/\" \/>\n<meta property=\"og:site_name\" content=\"Blog - Integra\u00e7\u00e3o Digital\" \/>\n<meta property=\"article:publisher\" content=\"https:\/\/www.facebook.com\/integracaodigital\/\" \/>\n<meta property=\"article:published_time\" content=\"2019-10-31T13:00:31+00:00\" \/>\n<meta property=\"article:modified_time\" content=\"2024-03-14T13:16:51+00:00\" \/>\n<meta property=\"og:image\" content=\"https:\/\/www.integracaodigital.com.br\/blog\/wp-content\/uploads\/2019\/10\/sera-o-fim-do-flash-_capa-blog.png\" \/>\n\t<meta property=\"og:image:width\" content=\"1000\" \/>\n\t<meta property=\"og:image:height\" content=\"486\" \/>\n\t<meta property=\"og:image:type\" content=\"image\/png\" \/>\n<meta name=\"author\" content=\"Natacha Tressino\" \/>\n<meta name=\"twitter:card\" content=\"summary_large_image\" \/>\n<meta name=\"twitter:label1\" content=\"Escrito por\" \/>\n\t<meta name=\"twitter:data1\" content=\"Natacha Tressino\" \/>\n\t<meta name=\"twitter:label2\" content=\"Est. tempo de leitura\" \/>\n\t<meta name=\"twitter:data2\" content=\"3 minutos\" \/>\n<script type=\"application\/ld+json\" class=\"yoast-schema-graph\">{\"@context\":\"https:\\\/\\\/schema.org\",\"@graph\":[{\"@type\":\"Article\",\"@id\":\"https:\\\/\\\/www.integracaodigital.com.br\\\/blog\\\/2019\\\/10\\\/31\\\/fim-do-flash-no-chrome\\\/#article\",\"isPartOf\":{\"@id\":\"https:\\\/\\\/www.integracaodigital.com.br\\\/blog\\\/2019\\\/10\\\/31\\\/fim-do-flash-no-chrome\\\/\"},\"author\":{\"name\":\"Natacha Tressino\",\"@id\":\"https:\\\/\\\/www.integracaodigital.com.br\\\/blog\\\/#\\\/schema\\\/person\\\/5953f4e2397d7732fb7e6f8729a3c418\"},\"headline\":\"Ser\u00e1 o fim do Flash no Chrome?\",\"datePublished\":\"2019-10-31T13:00:31+00:00\",\"dateModified\":\"2024-03-14T13:16:51+00:00\",\"mainEntityOfPage\":{\"@id\":\"https:\\\/\\\/www.integracaodigital.com.br\\\/blog\\\/2019\\\/10\\\/31\\\/fim-do-flash-no-chrome\\\/\"},\"wordCount\":512,\"publisher\":{\"@id\":\"https:\\\/\\\/www.integracaodigital.com.br\\\/blog\\\/#organization\"},\"image\":{\"@id\":\"https:\\\/\\\/www.integracaodigital.com.br\\\/blog\\\/2019\\\/10\\\/31\\\/fim-do-flash-no-chrome\\\/#primaryimage\"},\"thumbnailUrl\":\"https:\\\/\\\/www.integracaodigital.com.br\\\/blog\\\/wp-content\\\/uploads\\\/2019\\\/10\\\/sera-o-fim-do-flash-_capa-blog.png\",\"keywords\":[\"chrome\",\"dispositivo mobile\",\"flash player\",\"google chrome\"],\"articleSection\":[\"Marketing Digital\"],\"inLanguage\":\"pt-BR\"},{\"@type\":\"WebPage\",\"@id\":\"https:\\\/\\\/www.integracaodigital.com.br\\\/blog\\\/2019\\\/10\\\/31\\\/fim-do-flash-no-chrome\\\/\",\"url\":\"https:\\\/\\\/www.integracaodigital.com.br\\\/blog\\\/2019\\\/10\\\/31\\\/fim-do-flash-no-chrome\\\/\",\"name\":\"Ser\u00e1 o fim do Flash no Chrome? - Integra\u00e7\u00e3o Digital\",\"isPartOf\":{\"@id\":\"https:\\\/\\\/www.integracaodigital.com.br\\\/blog\\\/#website\"},\"primaryImageOfPage\":{\"@id\":\"https:\\\/\\\/www.integracaodigital.com.br\\\/blog\\\/2019\\\/10\\\/31\\\/fim-do-flash-no-chrome\\\/#primaryimage\"},\"image\":{\"@id\":\"https:\\\/\\\/www.integracaodigital.com.br\\\/blog\\\/2019\\\/10\\\/31\\\/fim-do-flash-no-chrome\\\/#primaryimage\"},\"thumbnailUrl\":\"https:\\\/\\\/www.integracaodigital.com.br\\\/blog\\\/wp-content\\\/uploads\\\/2019\\\/10\\\/sera-o-fim-do-flash-_capa-blog.png\",\"datePublished\":\"2019-10-31T13:00:31+00:00\",\"dateModified\":\"2024-03-14T13:16:51+00:00\",\"description\":\"Sites em Flash n\u00e3o funcionam bem em dispositivos mobile e a Adobe n\u00e3o quer atualizar a aplica\u00e7\u00e3o. Ser\u00e1 o fim do Flash no Chrome? Leia e entenda\",\"breadcrumb\":{\"@id\":\"https:\\\/\\\/www.integracaodigital.com.br\\\/blog\\\/2019\\\/10\\\/31\\\/fim-do-flash-no-chrome\\\/#breadcrumb\"},\"inLanguage\":\"pt-BR\",\"potentialAction\":[{\"@type\":\"ReadAction\",\"target\":[\"https:\\\/\\\/www.integracaodigital.com.br\\\/blog\\\/2019\\\/10\\\/31\\\/fim-do-flash-no-chrome\\\/\"]}]},{\"@type\":\"ImageObject\",\"inLanguage\":\"pt-BR\",\"@id\":\"https:\\\/\\\/www.integracaodigital.com.br\\\/blog\\\/2019\\\/10\\\/31\\\/fim-do-flash-no-chrome\\\/#primaryimage\",\"url\":\"https:\\\/\\\/www.integracaodigital.com.br\\\/blog\\\/wp-content\\\/uploads\\\/2019\\\/10\\\/sera-o-fim-do-flash-_capa-blog.png\",\"contentUrl\":\"https:\\\/\\\/www.integracaodigital.com.br\\\/blog\\\/wp-content\\\/uploads\\\/2019\\\/10\\\/sera-o-fim-do-flash-_capa-blog.png\",\"width\":1000,\"height\":486,\"caption\":\"Ser\u00e1 o fim do Flash no Chrome?\"},{\"@type\":\"BreadcrumbList\",\"@id\":\"https:\\\/\\\/www.integracaodigital.com.br\\\/blog\\\/2019\\\/10\\\/31\\\/fim-do-flash-no-chrome\\\/#breadcrumb\",\"itemListElement\":[{\"@type\":\"ListItem\",\"position\":1,\"name\":\"Blog\",\"item\":\"https:\\\/\\\/www.integracaodigital.com.br\\\/blog\\\/\"},{\"@type\":\"ListItem\",\"position\":2,\"name\":\"Ser\u00e1 o fim do Flash no Chrome?\"}]},{\"@type\":\"WebSite\",\"@id\":\"https:\\\/\\\/www.integracaodigital.com.br\\\/blog\\\/#website\",\"url\":\"https:\\\/\\\/www.integracaodigital.com.br\\\/blog\\\/\",\"name\":\"Blog - Integra\u00e7\u00e3o Digital\",\"description\":\"Ag\u00eancia de Marketing Digital\",\"publisher\":{\"@id\":\"https:\\\/\\\/www.integracaodigital.com.br\\\/blog\\\/#organization\"},\"potentialAction\":[{\"@type\":\"SearchAction\",\"target\":{\"@type\":\"EntryPoint\",\"urlTemplate\":\"https:\\\/\\\/www.integracaodigital.com.br\\\/blog\\\/?s={search_term_string}\"},\"query-input\":{\"@type\":\"PropertyValueSpecification\",\"valueRequired\":true,\"valueName\":\"search_term_string\"}}],\"inLanguage\":\"pt-BR\"},{\"@type\":\"Organization\",\"@id\":\"https:\\\/\\\/www.integracaodigital.com.br\\\/blog\\\/#organization\",\"name\":\"Integra\u00e7\u00e3o Digital\",\"url\":\"https:\\\/\\\/www.integracaodigital.com.br\\\/blog\\\/\",\"logo\":{\"@type\":\"ImageObject\",\"inLanguage\":\"pt-BR\",\"@id\":\"https:\\\/\\\/www.integracaodigital.com.br\\\/blog\\\/#\\\/schema\\\/logo\\\/image\\\/\",\"url\":\"https:\\\/\\\/www.integracaodigital.com.br\\\/blog\\\/wp-content\\\/uploads\\\/2020\\\/06\\\/logo-integracao-digital.png\",\"contentUrl\":\"https:\\\/\\\/www.integracaodigital.com.br\\\/blog\\\/wp-content\\\/uploads\\\/2020\\\/06\\\/logo-integracao-digital.png\",\"width\":500,\"height\":487,\"caption\":\"Integra\u00e7\u00e3o Digital\"},\"image\":{\"@id\":\"https:\\\/\\\/www.integracaodigital.com.br\\\/blog\\\/#\\\/schema\\\/logo\\\/image\\\/\"},\"sameAs\":[\"https:\\\/\\\/www.facebook.com\\\/integracaodigital\\\/\",\"https:\\\/\\\/pt.linkedin.com\\\/company\\\/integra\u00e7\u00e3o-digital\",\"https:\\\/\\\/www.instagram.com\\\/integracaodigital\\\/\"]},{\"@type\":\"Person\",\"@id\":\"https:\\\/\\\/www.integracaodigital.com.br\\\/blog\\\/#\\\/schema\\\/person\\\/5953f4e2397d7732fb7e6f8729a3c418\",\"name\":\"Natacha Tressino\",\"image\":{\"@type\":\"ImageObject\",\"inLanguage\":\"pt-BR\",\"@id\":\"https:\\\/\\\/secure.gravatar.com\\\/avatar\\\/014972316ba0803eac53aa79976ccd8e2c149fd2289a80da64834d2fba132bc0?s=96&d=wp_user_avatar&r=g\",\"url\":\"https:\\\/\\\/secure.gravatar.com\\\/avatar\\\/014972316ba0803eac53aa79976ccd8e2c149fd2289a80da64834d2fba132bc0?s=96&d=wp_user_avatar&r=g\",\"contentUrl\":\"https:\\\/\\\/secure.gravatar.com\\\/avatar\\\/014972316ba0803eac53aa79976ccd8e2c149fd2289a80da64834d2fba132bc0?s=96&d=wp_user_avatar&r=g\",\"caption\":\"Natacha Tressino\"},\"description\":\"Sou redatora publicit\u00e1ria, com experi\u00eancia em design e aspirante a UX Writing! Amo os animais e n\u00e3o dispenso um sorvete. Gosto de passeios ao ar livre, teatro, filmes e um bom livro.\",\"url\":\"https:\\\/\\\/www.integracaodigital.com.br\\\/blog\\\/author\\\/natacha-tressino\\\/\"}]}<\/script>\n<!-- \/ Yoast SEO plugin. -->","yoast_head_json":{"title":"Ser\u00e1 o fim do Flash no Chrome? - Integra\u00e7\u00e3o Digital","description":"Sites em Flash n\u00e3o funcionam bem em dispositivos mobile e a Adobe n\u00e3o quer atualizar a aplica\u00e7\u00e3o. Ser\u00e1 o fim do Flash no Chrome? Leia e entenda","robots":{"index":"index","follow":"follow","max-snippet":"max-snippet:-1","max-image-preview":"max-image-preview:large","max-video-preview":"max-video-preview:-1"},"canonical":"https:\/\/www.integracaodigital.com.br\/blog\/2019\/10\/31\/fim-do-flash-no-chrome\/","og_locale":"pt_BR","og_type":"article","og_title":"Ser\u00e1 o fim do Flash no Chrome? - Integra\u00e7\u00e3o Digital","og_description":"Sites em Flash n\u00e3o funcionam bem em dispositivos mobile e a Adobe n\u00e3o quer atualizar a aplica\u00e7\u00e3o. Ser\u00e1 o fim do Flash no Chrome? Leia e entenda","og_url":"https:\/\/www.integracaodigital.com.br\/blog\/2019\/10\/31\/fim-do-flash-no-chrome\/","og_site_name":"Blog - Integra\u00e7\u00e3o Digital","article_publisher":"https:\/\/www.facebook.com\/integracaodigital\/","article_published_time":"2019-10-31T13:00:31+00:00","article_modified_time":"2024-03-14T13:16:51+00:00","og_image":[{"width":1000,"height":486,"url":"https:\/\/www.integracaodigital.com.br\/blog\/wp-content\/uploads\/2019\/10\/sera-o-fim-do-flash-_capa-blog.png","type":"image\/png"}],"author":"Natacha Tressino","twitter_card":"summary_large_image","twitter_misc":{"Escrito por":"Natacha Tressino","Est. tempo de leitura":"3 minutos"},"schema":{"@context":"https:\/\/schema.org","@graph":[{"@type":"Article","@id":"https:\/\/www.integracaodigital.com.br\/blog\/2019\/10\/31\/fim-do-flash-no-chrome\/#article","isPartOf":{"@id":"https:\/\/www.integracaodigital.com.br\/blog\/2019\/10\/31\/fim-do-flash-no-chrome\/"},"author":{"name":"Natacha Tressino","@id":"https:\/\/www.integracaodigital.com.br\/blog\/#\/schema\/person\/5953f4e2397d7732fb7e6f8729a3c418"},"headline":"Ser\u00e1 o fim do Flash no Chrome?","datePublished":"2019-10-31T13:00:31+00:00","dateModified":"2024-03-14T13:16:51+00:00","mainEntityOfPage":{"@id":"https:\/\/www.integracaodigital.com.br\/blog\/2019\/10\/31\/fim-do-flash-no-chrome\/"},"wordCount":512,"publisher":{"@id":"https:\/\/www.integracaodigital.com.br\/blog\/#organization"},"image":{"@id":"https:\/\/www.integracaodigital.com.br\/blog\/2019\/10\/31\/fim-do-flash-no-chrome\/#primaryimage"},"thumbnailUrl":"https:\/\/www.integracaodigital.com.br\/blog\/wp-content\/uploads\/2019\/10\/sera-o-fim-do-flash-_capa-blog.png","keywords":["chrome","dispositivo mobile","flash player","google chrome"],"articleSection":["Marketing Digital"],"inLanguage":"pt-BR"},{"@type":"WebPage","@id":"https:\/\/www.integracaodigital.com.br\/blog\/2019\/10\/31\/fim-do-flash-no-chrome\/","url":"https:\/\/www.integracaodigital.com.br\/blog\/2019\/10\/31\/fim-do-flash-no-chrome\/","name":"Ser\u00e1 o fim do Flash no Chrome? - Integra\u00e7\u00e3o Digital","isPartOf":{"@id":"https:\/\/www.integracaodigital.com.br\/blog\/#website"},"primaryImageOfPage":{"@id":"https:\/\/www.integracaodigital.com.br\/blog\/2019\/10\/31\/fim-do-flash-no-chrome\/#primaryimage"},"image":{"@id":"https:\/\/www.integracaodigital.com.br\/blog\/2019\/10\/31\/fim-do-flash-no-chrome\/#primaryimage"},"thumbnailUrl":"https:\/\/www.integracaodigital.com.br\/blog\/wp-content\/uploads\/2019\/10\/sera-o-fim-do-flash-_capa-blog.png","datePublished":"2019-10-31T13:00:31+00:00","dateModified":"2024-03-14T13:16:51+00:00","description":"Sites em Flash n\u00e3o funcionam bem em dispositivos mobile e a Adobe n\u00e3o quer atualizar a aplica\u00e7\u00e3o. Ser\u00e1 o fim do Flash no Chrome? Leia e entenda","breadcrumb":{"@id":"https:\/\/www.integracaodigital.com.br\/blog\/2019\/10\/31\/fim-do-flash-no-chrome\/#breadcrumb"},"inLanguage":"pt-BR","potentialAction":[{"@type":"ReadAction","target":["https:\/\/www.integracaodigital.com.br\/blog\/2019\/10\/31\/fim-do-flash-no-chrome\/"]}]},{"@type":"ImageObject","inLanguage":"pt-BR","@id":"https:\/\/www.integracaodigital.com.br\/blog\/2019\/10\/31\/fim-do-flash-no-chrome\/#primaryimage","url":"https:\/\/www.integracaodigital.com.br\/blog\/wp-content\/uploads\/2019\/10\/sera-o-fim-do-flash-_capa-blog.png","contentUrl":"https:\/\/www.integracaodigital.com.br\/blog\/wp-content\/uploads\/2019\/10\/sera-o-fim-do-flash-_capa-blog.png","width":1000,"height":486,"caption":"Ser\u00e1 o fim do Flash no Chrome?"},{"@type":"BreadcrumbList","@id":"https:\/\/www.integracaodigital.com.br\/blog\/2019\/10\/31\/fim-do-flash-no-chrome\/#breadcrumb","itemListElement":[{"@type":"ListItem","position":1,"name":"Blog","item":"https:\/\/www.integracaodigital.com.br\/blog\/"},{"@type":"ListItem","position":2,"name":"Ser\u00e1 o fim do Flash no Chrome?"}]},{"@type":"WebSite","@id":"https:\/\/www.integracaodigital.com.br\/blog\/#website","url":"https:\/\/www.integracaodigital.com.br\/blog\/","name":"Blog - Integra\u00e7\u00e3o Digital","description":"Ag\u00eancia de Marketing Digital","publisher":{"@id":"https:\/\/www.integracaodigital.com.br\/blog\/#organization"},"potentialAction":[{"@type":"SearchAction","target":{"@type":"EntryPoint","urlTemplate":"https:\/\/www.integracaodigital.com.br\/blog\/?s={search_term_string}"},"query-input":{"@type":"PropertyValueSpecification","valueRequired":true,"valueName":"search_term_string"}}],"inLanguage":"pt-BR"},{"@type":"Organization","@id":"https:\/\/www.integracaodigital.com.br\/blog\/#organization","name":"Integra\u00e7\u00e3o Digital","url":"https:\/\/www.integracaodigital.com.br\/blog\/","logo":{"@type":"ImageObject","inLanguage":"pt-BR","@id":"https:\/\/www.integracaodigital.com.br\/blog\/#\/schema\/logo\/image\/","url":"https:\/\/www.integracaodigital.com.br\/blog\/wp-content\/uploads\/2020\/06\/logo-integracao-digital.png","contentUrl":"https:\/\/www.integracaodigital.com.br\/blog\/wp-content\/uploads\/2020\/06\/logo-integracao-digital.png","width":500,"height":487,"caption":"Integra\u00e7\u00e3o Digital"},"image":{"@id":"https:\/\/www.integracaodigital.com.br\/blog\/#\/schema\/logo\/image\/"},"sameAs":["https:\/\/www.facebook.com\/integracaodigital\/","https:\/\/pt.linkedin.com\/company\/integra\u00e7\u00e3o-digital","https:\/\/www.instagram.com\/integracaodigital\/"]},{"@type":"Person","@id":"https:\/\/www.integracaodigital.com.br\/blog\/#\/schema\/person\/5953f4e2397d7732fb7e6f8729a3c418","name":"Natacha Tressino","image":{"@type":"ImageObject","inLanguage":"pt-BR","@id":"https:\/\/secure.gravatar.com\/avatar\/014972316ba0803eac53aa79976ccd8e2c149fd2289a80da64834d2fba132bc0?s=96&d=wp_user_avatar&r=g","url":"https:\/\/secure.gravatar.com\/avatar\/014972316ba0803eac53aa79976ccd8e2c149fd2289a80da64834d2fba132bc0?s=96&d=wp_user_avatar&r=g","contentUrl":"https:\/\/secure.gravatar.com\/avatar\/014972316ba0803eac53aa79976ccd8e2c149fd2289a80da64834d2fba132bc0?s=96&d=wp_user_avatar&r=g","caption":"Natacha Tressino"},"description":"Sou redatora publicit\u00e1ria, com experi\u00eancia em design e aspirante a UX Writing! Amo os animais e n\u00e3o dispenso um sorvete. Gosto de passeios ao ar livre, teatro, filmes e um bom livro.","url":"https:\/\/www.integracaodigital.com.br\/blog\/author\/natacha-tressino\/"}]}},"_links":{"self":[{"href":"https:\/\/www.integracaodigital.com.br\/blog\/wp-json\/wp\/v2\/posts\/712","targetHints":{"allow":["GET"]}}],"collection":[{"href":"https:\/\/www.integracaodigital.com.br\/blog\/wp-json\/wp\/v2\/posts"}],"about":[{"href":"https:\/\/www.integracaodigital.com.br\/blog\/wp-json\/wp\/v2\/types\/post"}],"author":[{"embeddable":true,"href":"https:\/\/www.integracaodigital.com.br\/blog\/wp-json\/wp\/v2\/users\/2"}],"replies":[{"embeddable":true,"href":"https:\/\/www.integracaodigital.com.br\/blog\/wp-json\/wp\/v2\/comments?post=712"}],"version-history":[{"count":1,"href":"https:\/\/www.integracaodigital.com.br\/blog\/wp-json\/wp\/v2\/posts\/712\/revisions"}],"predecessor-version":[{"id":2568,"href":"https:\/\/www.integracaodigital.com.br\/blog\/wp-json\/wp\/v2\/posts\/712\/revisions\/2568"}],"wp:featuredmedia":[{"embeddable":true,"href":"https:\/\/www.integracaodigital.com.br\/blog\/wp-json\/wp\/v2\/media\/714"}],"wp:attachment":[{"href":"https:\/\/www.integracaodigital.com.br\/blog\/wp-json\/wp\/v2\/media?parent=712"}],"wp:term":[{"taxonomy":"category","embeddable":true,"href":"https:\/\/www.integracaodigital.com.br\/blog\/wp-json\/wp\/v2\/categories?post=712"},{"taxonomy":"post_tag","embeddable":true,"href":"https:\/\/www.integracaodigital.com.br\/blog\/wp-json\/wp\/v2\/tags?post=712"}],"curies":[{"name":"wp","href":"https:\/\/api.w.org\/{rel}","templated":true}]}}