{"id":855,"date":"2020-04-02T20:03:50","date_gmt":"2020-04-02T23:03:50","guid":{"rendered":"https:\/\/integracaodigital.com.br\/blog\/?p=855"},"modified":"2024-03-14T10:16:49","modified_gmt":"2024-03-14T13:16:49","slug":"importancia-marketing-digital-no-coronavirus","status":"publish","type":"post","link":"https:\/\/www.integracaodigital.com.br\/blog\/2020\/04\/02\/importancia-marketing-digital-no-coronavirus\/","title":{"rendered":"Coronav\u00edrus: A import\u00e2ncia do Marketing Digital"},"content":{"rendered":"<h1><img decoding=\"async\" class=\"aligncenter wp-image-856 size-full\" title=\"A import\u00e2ncia do Marketing Digital no Coronav\u00edrus\" src=\"https:\/\/integracaodigital.com.br\/blog-id\/wp-content\/uploads\/2020\/04\/importancia-marketing-digital-coronavirus-_post-blog-cover.png\" alt=\"importancia-marketing-digital-no-coronavirus \" width=\"1000\" height=\"486\" srcset=\"https:\/\/www.integracaodigital.com.br\/blog\/wp-content\/uploads\/2020\/04\/importancia-marketing-digital-coronavirus-_post-blog-cover.png 1000w, https:\/\/www.integracaodigital.com.br\/blog\/wp-content\/uploads\/2020\/04\/importancia-marketing-digital-coronavirus-_post-blog-cover-300x146.png 300w, https:\/\/www.integracaodigital.com.br\/blog\/wp-content\/uploads\/2020\/04\/importancia-marketing-digital-coronavirus-_post-blog-cover-768x373.png 768w\" sizes=\"(max-width: 1000px) 100vw, 1000px\" \/><\/h1>\n<h1><b>Coronav\u00edrus:\u00a0<\/b><b>A import\u00e2ncia do Marketing Digital<\/b><\/h1>\n<p><span style=\"font-weight: 400;\">O Brasil, assim como outros pa\u00edses ao redor do mundo, enfrenta um per\u00edodo desafiador \u00e0 medida que os impactos do Coronav\u00edrus na sa\u00fade e economia s\u00f3 aumentam. Empresas que possuem uma cultura digital t\u00eam melhores condi\u00e7\u00f5es de ultrapassar essa crise. Isso porque diante de desafios como esse, \u00e9 hora de recorrer \u00e0 t\u00e9cnicas de marketing digital para sobreviver a pandemia.\u00a0<\/span><\/p>\n<p><span style=\"font-weight: 400;\">Se a internet j\u00e1 era importante para os neg\u00f3cios, hoje ela \u00e9 vista como a \u00fanica alternativa para muitos. Esse \u00e9 o grande momento de investir em marketing digital! Seja para equilibrar o investimento em m\u00eddia com a for\u00e7a operacional, ou redesenhar estrat\u00e9gias de relacionamento e tra\u00e7ar novos caminhos para se aproximar do seu p\u00fablico. Portanto, \u00e9 preciso:<\/span><\/p>\n<ul>\n<li style=\"font-weight: 400;\"><span style=\"font-weight: 400;\">Ficar atento \u00e0s oportunidades<\/span><\/li>\n<li style=\"font-weight: 400;\"><span style=\"font-weight: 400;\">Realocar verbas<\/span><\/li>\n<li style=\"font-weight: 400;\"><span style=\"font-weight: 400;\">Otimizar campanhas<\/span><\/li>\n<li style=\"font-weight: 400;\"><span style=\"font-weight: 400;\">Engajar o p\u00fablico!<\/span><\/li>\n<\/ul>\n<p>&nbsp;<\/p>\n<h2><b>Isolamento muda o comportamento do consumidor<\/b><\/h2>\n<p><span style=\"font-weight: 400;\">O isolamento social mudou o comportamento do consumidor. A realidade da quarentena expandiu o consumo digital, principalmente no que se refere a itens de primeira necessidade. \u00c9 verdade que alguns setores ser\u00e3o beneficiados, contudo, quem se voltar para o digital poder\u00e1 manter-se presente no mercado.\u00a0<\/span><\/p>\n<p><span style=\"font-weight: 400;\">Em conversa no <\/span><a href=\"https:\/\/eventos.ecommercebrasil.com.br\/marketplace-live-edition\/?utm_source=ActiveCampaign&amp;utm_medium=email&amp;utm_content=%5BMarketplace+Live+Edition%5D+Come%C3%A7amos+hoje%2C+%C3%A0s+9h00+%3A%29&amp;utm_campaign=2020_Marketplace+Live+-+Inscritos+-+D1+-+EM1\" target=\"_blank\" rel=\"noopener noreferrer\"><span style=\"font-weight: 400;\">Marketplace Live Edition 2020<\/span><\/a><span style=\"font-weight: 400;\">, S\u00e9rgio Chereneski, coordenador de planejamento de m\u00eddia da GhFly, afirmou que o <\/span><i><span style=\"font-weight: 400;\">\u201cconsumo digital aumentou consideravelmente no per\u00edodo do Coronav\u00edrus\u201d<\/span><\/i><span style=\"font-weight: 400;\"> e que s\u00f3 a Exame confirmou um aumento de 40% nas compras pela internet.\u00a0<\/span><\/p>\n<p><span style=\"font-weight: 400;\">Servi\u00e7os de entrega, supermercados e farm\u00e1cias online, home office, videoconfer\u00eancia, ensino EAD e seguran\u00e7a p\u00fablica s\u00e3o os setores considerados de oportunidade. Contudo, mesmo que sua empresa n\u00e3o fa\u00e7a parte desses segmentos o mais indicado agora \u00e9 migrar seu investimento para o marketing digital. Isso porque as pessoas est\u00e3o l\u00e1 e estar\u00e3o l\u00e1 mesmo com o fim desta crise.\u00a0<\/span><\/p>\n<p>&nbsp;<\/p>\n<h2><b>Oportunidades<\/b><\/h2>\n<p><span style=\"font-weight: 400;\">Especialistas alertam que toda crise \u00e9 tamb\u00e9m um momento de grandes oportunidades. O per\u00edodo da crise \u00e9 perfeito para as empresas mostrarem seu lado humano, sem oportunismo. A situa\u00e7\u00e3o pede que as marcas fiquem de olho no <\/span><i><span style=\"font-weight: 400;\">brand <\/span><\/i><span style=\"font-weight: 400;\">e nas m\u00e9tricas.\u00a0<\/span><\/p>\n<p><i><span style=\"font-weight: 400;\">\u201cComo estamos observando, muitas empresas est\u00e3o fazendo a\u00e7\u00f5es solid\u00e1rias em prol da humanidade. Para quem atua em segmento com liga\u00e7\u00e3o direta ou indireta com as \u00e1reas de sa\u00fade, transporte, higiene, rem\u00e9dios ou equipamentos hospitalares, \u00e9 o momento de pensar como pode dar sua contribui\u00e7\u00e3o e, ao mesmo tempo mostrar para todos que a sua empresa est\u00e1 engajada nessa luta e ajudar\u00e1 como for preciso\u201d, <\/span><\/i><span style=\"font-weight: 400;\">afirma Diego Martins &#8211; CEO da Inside Sales.\u00a0<\/span><\/p>\n<p><span style=\"font-weight: 400;\">Mesmo que o cen\u00e1rio seja negativo, ainda \u00e9 poss\u00edvel pensar estrat\u00e9gias para que empresas consideradas \u201cn\u00e3o essenciais\u201d consigam sobreviver em meio a essa pandemia. No segmento jur\u00eddico, por exemplo, muitos escrit\u00f3rios trabalhistas poder\u00e3o encontrar oportunidades em rescis\u00f5es contratuais, assim como nas negocia\u00e7\u00f5es e financiamento dos clientes.\u00a0<\/span><\/p>\n<p><span style=\"font-weight: 400;\">J\u00e1 no setor de autom\u00f3veis, que tal trabalhar nichos estrat\u00e9gicos de grande necessidade no cen\u00e1rio atual? Como \u00e9 o caso de ve\u00edculos para o setor de seguran\u00e7a e sa\u00fade, como ambul\u00e2ncias e frotas. Outro ponto \u00e9 focar em motoristas de aplicativos, oferecendo descontos em servi\u00e7os de manuten\u00e7\u00e3o, higieniza\u00e7\u00e3o e ar-condicionado.\u00a0<\/span><\/p>\n<p>&nbsp;<\/p>\n<h2><b>Estrat\u00e9gias de neg\u00f3cio e marketing digital para empresas que querem sobreviver a crise ocasionada pelo Coronav\u00edrus<\/b><\/h2>\n<p><span style=\"font-weight: 400;\">Aproveitar o poder das plataformas digitais, estar presente nos canais onde os consumidores est\u00e3o, reavaliar campanhas de marcas e respostas diretas, destacar os benef\u00edcios de produtos e ofertas, demonstrar cuidado e empatia, definir uma experi\u00eancia alternativa ao cliente. Em tempos de Coronav\u00edrus, as estrat\u00e9gias de marketing devem ser repensadas!<\/span><\/p>\n<p><span style=\"font-weight: 400;\">Confira logo abaixo uma s\u00e9rie de estrat\u00e9gias para voc\u00ea come\u00e7ar a implementar, hoje mesmo, na sua empresa e reduzir os impactos da pandemia no seu neg\u00f3cio:\u00a0<\/span><\/p>\n<p>&nbsp;<\/p>\n<h3><b>Transforme sua opera\u00e7\u00e3o<\/b><\/h3>\n<p><span style=\"font-weight: 400;\">Um ponto que merece sua aten\u00e7\u00e3o \u00e9 adequar o operacional da empresa. Investir em servi\u00e7os de entrega \u00e9 a melhor forma de facilitar o acesso do consumidor a servi\u00e7os e produtos. Refor\u00e7ar o servi\u00e7o de delivery, assim como fechar parcerias \u00e9 uma estrat\u00e9gia interessante.\u00a0<\/span><\/p>\n<p>&nbsp;<\/p>\n<h3><b>Antecipe suas vendas<\/b><\/h3>\n<p><span style=\"font-weight: 400;\">Mesmo o segmento de turismo e hotelaria, um dos mais afetados pela crise, t\u00eam como dar a volta por cima com a antecipa\u00e7\u00e3o das vendas. Especialistas afirmam que esta \u00e9 uma forma de garantir o caixa do neg\u00f3cio. Outra \u00e9 garantir a venda associada a um b\u00f4nus, que o cliente pode vir a usar em outra ocasi\u00e3o.\u00a0<\/span><\/p>\n<p>&nbsp;<\/p>\n<h3><b>Fa\u00e7a com que seu site seja ainda mais visto!<\/b><\/h3>\n<p><span style=\"font-weight: 400;\">A melhor forma de manter sua marca vis\u00edvel \u00e9 atrav\u00e9s dos canais digitais. Sua empresa precisa ter um site moderno, eficaz e que seja alimentado diariamente com conte\u00fado aut\u00eantico e relevante. Seu site deve ser capaz de valorizar sua marca, n\u00e3o apenas vender servi\u00e7os e produtos. Uma forma de garantir essa visibilidade \u00e9 manter um bom posicionamento nas p\u00e1ginas de buscas do Google.\u00a0<\/span><\/p>\n<p><span style=\"font-weight: 400;\">O<\/span><b> efeito de exposi\u00e7\u00e3o<\/b><span style=\"font-weight: 400;\"> \u00e9 um fen\u00f4meno de marketing, no qual os consumidores desenvolvem prefer\u00eancia por determinada marca\/ produto apenas por estarem familiarizados com eles. Este \u00e9 o momento de explorar estrat\u00e9gias de baixo custo para manter sua marca em evid\u00eancia para clientes em potencial. Trata-se de uma a\u00e7\u00e3o com benef\u00edcios a longo prazo.\u00a0<\/span><\/p>\n<p><a href=\"https:\/\/www.integracaodigital.com.br\/ads\/marketing-digital\/\" target=\"_blank\" rel=\"noopener noreferrer\"><img decoding=\"async\" class=\"size-full wp-image-1893 aligncenter\" src=\"https:\/\/integracaodigital.com.br\/blog\/wp-content\/uploads\/2021\/12\/Consultor-Amarelo.png\" alt=\"Falar com Consultor!\" width=\"334\" height=\"54\" srcset=\"https:\/\/www.integracaodigital.com.br\/blog\/wp-content\/uploads\/2021\/12\/Consultor-Amarelo.png 334w, https:\/\/www.integracaodigital.com.br\/blog\/wp-content\/uploads\/2021\/12\/Consultor-Amarelo-300x49.png 300w\" sizes=\"(max-width: 334px) 100vw, 334px\" \/><\/a><\/p>\n<p><span style=\"font-weight: 400;\">Sua empresa tem um blog? Ele recebe conte\u00fado atualizado toda semana?\u00a0<\/span><\/p>\n<p>&nbsp;<\/p>\n<h3><b>Invista como nunca em SEO e mantenha sua base de clientes<\/b><\/h3>\n<p><span style=\"font-weight: 400;\">Fora da vista significa fora da mente. \u00c9 sempre mais barato reter um cliente existente do que adquirir um novo. Por isso, o ideal nesses tempos de crise \u00e9 manter contato! A<\/span><b> automa\u00e7\u00e3o de marketing<\/b><span style=\"font-weight: 400;\"> \u00e9 uma estrat\u00e9gia barata e eficaz quando o assunto \u00e9 relacionamento. Esse \u00e9 o momento certo para enviar mensagens personalizadas e contextualizadas por e-mail para seus clientes e, assim aumentar seu ROI.\u00a0<\/span><\/p>\n<p><span style=\"font-weight: 400;\">O <\/span><b>ranqueamento nas primeiras p\u00e1ginas de resultados do Google<\/b><span style=\"font-weight: 400;\"> \u00e9 outra forma de manter-se na lembran\u00e7a do consumidor, quando este estiver buscando por algum termo ligado ao seu nicho de atua\u00e7\u00e3o. Para tanto <\/span><a href=\"https:\/\/integracaodigital.com.br\/blog\/a-importancia-da-estrutura-do-site-em-seo\/\" target=\"_blank\" rel=\"noopener noreferrer\"><span style=\"font-weight: 400;\">\u00e9 preciso trabalhar o SEO<\/span><\/a><span style=\"font-weight: 400;\"> com as principais palavras-chave do seu segmento de mercado, como: \u201cescrit\u00f3rio de advocacia em S\u00e3o Paulo\u201d ou \u201cembalagens para marmitex\u201d.\u00a0<\/span><\/p>\n<h3><b>Converse com seu consumidor<\/b><\/h3>\n<p><span style=\"font-weight: 400;\">Contudo, a rela\u00e7\u00e3o cliente-empresa \u00e9 umas das quest\u00f5es mais importantes agora. \u00c9 preciso criar canais para dialogar com o p\u00fablico, a fim de escutar suas dores e solucionar seus problemas. As redes sociais s\u00e3o \u00f3timas para isso, j\u00e1 que garantem uma comunica\u00e7\u00e3o r\u00e1pida e f\u00e1cil. Voc\u00ea pode usar o sistema de mensagens do Facebook, Instagram ou at\u00e9 mesmo o whatsapp.\u00a0<\/span><\/p>\n<p><b>Aumentar o contato social da sua marca <\/b><span style=\"font-weight: 400;\">\u00e9 outra a\u00e7\u00e3o de marketing digital, v\u00e1lida nesse per\u00edodo de Coronav\u00edrus. Linkedin, Instagram, Facebook e Twitter <\/span><span style=\"font-weight: 400;\">\u2014 <\/span><span style=\"font-weight: 400;\">esses s\u00e3o os lugares em que seus clientes est\u00e3o discutindo suas decis\u00f5es de compra, revisando seus produtos, trocando pontos de vista entre outras atividades. Aproveite o momento para criar um plano de baixo custo e fazer parte dessas conversas.\u00a0<\/span><\/p>\n<h3><b>Expanda sua atua\u00e7\u00e3o<\/b><\/h3>\n<p><span style=\"font-weight: 400;\">J\u00e1 pensou em expandir seu territ\u00f3rio de atua\u00e7\u00e3o? Pode ser que em outras regi\u00f5es a crise n\u00e3o esteja t\u00e3o intensa e sua empresa possa atuar com mais liberdade. Para essa estrat\u00e9gia, nada melhor que apontar suas campanhas de <a href=\"https:\/\/www.integracaodigital.com.br\/n\/google-ads.php\" target=\"_blank\" rel=\"noopener noreferrer\">Google Ads<\/a> e Facebook e Instagram Ads para outras regi\u00f5es e analisar o desempenho.<\/span><\/p>\n<p>&nbsp;<\/p>\n<h3><b>Trabalhe com influenciadores<\/b><\/h3>\n<p><span style=\"font-weight: 400;\">Como as pessoas n\u00e3o est\u00e3o podendo sair de suas casas, \u00e9 comum voltar-se mais para as redes sociais. Nesse per\u00edodo de Coronav\u00edrus, os influenciadores est\u00e3o em alta e podem ser utilizados. Por\u00e9m, antes de qualquer coisa, vale estudar o perfil do micro influenciador para ver se est\u00e1 alinhado com a proposta da sua marca.\u00a0<\/span><\/p>\n<p><a href=\"https:\/\/www.integracaodigital.com.br\/n\/index.php#9\" target=\"_blank\" rel=\"noopener noreferrer\"><img decoding=\"async\" class=\"size-full wp-image-1897 aligncenter\" src=\"https:\/\/integracaodigital.com.br\/blog\/wp-content\/uploads\/2021\/12\/Or\u00e7amento-Amarelo.png\" alt=\"Solicitar Or\u00e7amento!\" width=\"342\" height=\"54\" srcset=\"https:\/\/www.integracaodigital.com.br\/blog\/wp-content\/uploads\/2021\/12\/Or\u00e7amento-Amarelo.png 342w, https:\/\/www.integracaodigital.com.br\/blog\/wp-content\/uploads\/2021\/12\/Or\u00e7amento-Amarelo-300x47.png 300w\" sizes=\"(max-width: 342px) 100vw, 342px\" \/><\/a><\/p>\n<h3><b>\u00c9 preciso medir os resultados a todo momento<\/b><\/h3>\n<p><span style=\"font-weight: 400;\">\u00c9 importante manter uma rotina de medi\u00e7\u00f5es e an\u00e1lises, para realizar o gerenciamento consciente e estrat\u00e9gico da verba destina a marketing digital. Voc\u00ea pode focar em avaliar as vendas, n\u00famero de leads gerados entre outros indicadores de desempenho. Se o seu or\u00e7amento for limitado, saber o que funciona vai ajudar a facilitar a tomada de decis\u00e3o sobre onde investir o dinheiro.\u00a0<\/span><\/p>\n<p>&nbsp;<\/p>\n<h3><b>Tentativa e erro<\/b><\/h3>\n<p><span style=\"font-weight: 400;\">Vale dizer que n\u00e3o h\u00e1 uma f\u00f3rmula para o que funciona e o que n\u00e3o funciona. Cabe a cada segmento e empresa implementar, testar e medir. Contudo, \u00e9 importante ser \u00e1gil e criativo, apostar em estrat\u00e9gias baratas e f\u00e1ceis de executar. Caso o retorno n\u00e3o seja o esperado, mate o experimento e siga para o pr\u00f3ximo.\u00a0<\/span><\/p>\n<p>&nbsp;<\/p>\n<p><span style=\"font-weight: 400;\">Todos temos a esperan\u00e7a de que logo esse v\u00edrus ser\u00e1 combatido e esse per\u00edodo de isolamento acabar\u00e1. Contudo, \u00e9 preciso estar preparado porque o mundo n\u00e3o ser\u00e1 mais o mesmo. Da mesma forma que com a crise econ\u00f4mica de 2008 empresas como o Uber e o Airbnb surgiram e mudaram a forma com que nos locomovemos e hospedamos, muita coisa pode acontecer. \u00c9 importante estar preparado.\u00a0\u00a0<\/span><\/p>\n<p><span style=\"font-weight: 400;\">N\u00f3s da <a href=\"https:\/\/www.integracaodigital.com.br\/n\/#9\" target=\"_blank\" rel=\"noopener noreferrer\">Integra\u00e7\u00e3o Digital<\/a> estamos preparados e a postos para ajud\u00e1-lo a passar por essa pandemia, porque Marketing Digital \u00e9 a nossa especialidade. #juntossomosmaisfortes ??<\/span><\/p>\n","protected":false},"excerpt":{"rendered":"<p>Coronav\u00edrus:\u00a0A import\u00e2ncia do Marketing Digital O Brasil, assim como outros pa\u00edses ao redor do mundo, enfrenta um per\u00edodo desafiador \u00e0 medida que os impactos do Coronav\u00edrus na sa\u00fade e economia s\u00f3 aumentam. Empresas que possuem uma cultura digital t\u00eam melhores condi\u00e7\u00f5es de ultrapassar essa crise. Isso porque diante de desafios como esse, \u00e9 hora de&hellip;<\/p>\n","protected":false},"author":2,"featured_media":856,"comment_status":"closed","ping_status":"open","sticky":false,"template":"","format":"standard","meta":{"footnotes":""},"categories":[404],"tags":[237,239,243,11,244],"class_list":["post-855","post","type-post","status-publish","format-standard","has-post-thumbnail","hentry","category-marketing-digital","tag-coronavirus","tag-covid-19","tag-cultura-digital","tag-estrategias-de-marketing-digital","tag-pandemia"],"yoast_head":"<!-- This site is optimized with the Yoast SEO plugin v27.5 - https:\/\/yoast.com\/product\/yoast-seo-wordpress\/ -->\n<title>Coronav\u00edrus: A Import\u00e2ncia do Marketing Digital - ID<\/title>\n<meta name=\"description\" content=\"\u00c9 poss\u00edvel contornar a crise do Coronav\u00edrus, mesmo n\u00e3o comercializando itens de primeira necessidade? Adotando estrat\u00e9gias de marketing digital, sim!\" \/>\n<meta name=\"robots\" content=\"index, follow, max-snippet:-1, max-image-preview:large, max-video-preview:-1\" \/>\n<link rel=\"canonical\" href=\"https:\/\/www.integracaodigital.com.br\/blog\/2020\/04\/02\/importancia-marketing-digital-no-coronavirus\/\" \/>\n<meta property=\"og:locale\" content=\"pt_BR\" \/>\n<meta property=\"og:type\" content=\"article\" \/>\n<meta property=\"og:title\" content=\"Coronav\u00edrus: A Import\u00e2ncia do Marketing Digital - ID\" \/>\n<meta property=\"og:description\" content=\"\u00c9 poss\u00edvel contornar a crise do Coronav\u00edrus, mesmo n\u00e3o comercializando itens de primeira necessidade? Adotando estrat\u00e9gias de marketing digital, sim!\" \/>\n<meta property=\"og:url\" content=\"https:\/\/www.integracaodigital.com.br\/blog\/2020\/04\/02\/importancia-marketing-digital-no-coronavirus\/\" \/>\n<meta property=\"og:site_name\" content=\"Blog - Integra\u00e7\u00e3o Digital\" \/>\n<meta property=\"article:publisher\" content=\"https:\/\/www.facebook.com\/integracaodigital\/\" \/>\n<meta property=\"article:published_time\" content=\"2020-04-02T23:03:50+00:00\" \/>\n<meta property=\"article:modified_time\" content=\"2024-03-14T13:16:49+00:00\" \/>\n<meta property=\"og:image\" content=\"https:\/\/www.integracaodigital.com.br\/blog\/wp-content\/uploads\/2020\/04\/importancia-marketing-digital-coronavirus-_post-blog-cover.png\" \/>\n\t<meta property=\"og:image:width\" content=\"1000\" \/>\n\t<meta property=\"og:image:height\" content=\"486\" \/>\n\t<meta property=\"og:image:type\" content=\"image\/png\" \/>\n<meta name=\"author\" content=\"Natacha Tressino\" \/>\n<meta name=\"twitter:card\" content=\"summary_large_image\" \/>\n<meta name=\"twitter:label1\" content=\"Escrito por\" \/>\n\t<meta name=\"twitter:data1\" content=\"Natacha Tressino\" \/>\n\t<meta name=\"twitter:label2\" content=\"Est. tempo de leitura\" \/>\n\t<meta name=\"twitter:data2\" content=\"8 minutos\" \/>\n<script type=\"application\/ld+json\" class=\"yoast-schema-graph\">{\"@context\":\"https:\\\/\\\/schema.org\",\"@graph\":[{\"@type\":\"Article\",\"@id\":\"https:\\\/\\\/www.integracaodigital.com.br\\\/blog\\\/2020\\\/04\\\/02\\\/importancia-marketing-digital-no-coronavirus\\\/#article\",\"isPartOf\":{\"@id\":\"https:\\\/\\\/www.integracaodigital.com.br\\\/blog\\\/2020\\\/04\\\/02\\\/importancia-marketing-digital-no-coronavirus\\\/\"},\"author\":{\"name\":\"Natacha Tressino\",\"@id\":\"https:\\\/\\\/www.integracaodigital.com.br\\\/blog\\\/#\\\/schema\\\/person\\\/5953f4e2397d7732fb7e6f8729a3c418\"},\"headline\":\"Coronav\u00edrus: A import\u00e2ncia do Marketing Digital\",\"datePublished\":\"2020-04-02T23:03:50+00:00\",\"dateModified\":\"2024-03-14T13:16:49+00:00\",\"mainEntityOfPage\":{\"@id\":\"https:\\\/\\\/www.integracaodigital.com.br\\\/blog\\\/2020\\\/04\\\/02\\\/importancia-marketing-digital-no-coronavirus\\\/\"},\"wordCount\":1554,\"publisher\":{\"@id\":\"https:\\\/\\\/www.integracaodigital.com.br\\\/blog\\\/#organization\"},\"image\":{\"@id\":\"https:\\\/\\\/www.integracaodigital.com.br\\\/blog\\\/2020\\\/04\\\/02\\\/importancia-marketing-digital-no-coronavirus\\\/#primaryimage\"},\"thumbnailUrl\":\"https:\\\/\\\/www.integracaodigital.com.br\\\/blog\\\/wp-content\\\/uploads\\\/2020\\\/04\\\/importancia-marketing-digital-coronavirus-_post-blog-cover.png\",\"keywords\":[\"coronav\u00edrus\",\"covid-19\",\"cultura digital\",\"estrat\u00e9gias de marketing digital\",\"pandemia\"],\"articleSection\":[\"Marketing Digital\"],\"inLanguage\":\"pt-BR\"},{\"@type\":\"WebPage\",\"@id\":\"https:\\\/\\\/www.integracaodigital.com.br\\\/blog\\\/2020\\\/04\\\/02\\\/importancia-marketing-digital-no-coronavirus\\\/\",\"url\":\"https:\\\/\\\/www.integracaodigital.com.br\\\/blog\\\/2020\\\/04\\\/02\\\/importancia-marketing-digital-no-coronavirus\\\/\",\"name\":\"Coronav\u00edrus: A Import\u00e2ncia do Marketing Digital - ID\",\"isPartOf\":{\"@id\":\"https:\\\/\\\/www.integracaodigital.com.br\\\/blog\\\/#website\"},\"primaryImageOfPage\":{\"@id\":\"https:\\\/\\\/www.integracaodigital.com.br\\\/blog\\\/2020\\\/04\\\/02\\\/importancia-marketing-digital-no-coronavirus\\\/#primaryimage\"},\"image\":{\"@id\":\"https:\\\/\\\/www.integracaodigital.com.br\\\/blog\\\/2020\\\/04\\\/02\\\/importancia-marketing-digital-no-coronavirus\\\/#primaryimage\"},\"thumbnailUrl\":\"https:\\\/\\\/www.integracaodigital.com.br\\\/blog\\\/wp-content\\\/uploads\\\/2020\\\/04\\\/importancia-marketing-digital-coronavirus-_post-blog-cover.png\",\"datePublished\":\"2020-04-02T23:03:50+00:00\",\"dateModified\":\"2024-03-14T13:16:49+00:00\",\"description\":\"\u00c9 poss\u00edvel contornar a crise do Coronav\u00edrus, mesmo n\u00e3o comercializando itens de primeira necessidade? Adotando estrat\u00e9gias de marketing digital, sim!\",\"breadcrumb\":{\"@id\":\"https:\\\/\\\/www.integracaodigital.com.br\\\/blog\\\/2020\\\/04\\\/02\\\/importancia-marketing-digital-no-coronavirus\\\/#breadcrumb\"},\"inLanguage\":\"pt-BR\",\"potentialAction\":[{\"@type\":\"ReadAction\",\"target\":[\"https:\\\/\\\/www.integracaodigital.com.br\\\/blog\\\/2020\\\/04\\\/02\\\/importancia-marketing-digital-no-coronavirus\\\/\"]}]},{\"@type\":\"ImageObject\",\"inLanguage\":\"pt-BR\",\"@id\":\"https:\\\/\\\/www.integracaodigital.com.br\\\/blog\\\/2020\\\/04\\\/02\\\/importancia-marketing-digital-no-coronavirus\\\/#primaryimage\",\"url\":\"https:\\\/\\\/www.integracaodigital.com.br\\\/blog\\\/wp-content\\\/uploads\\\/2020\\\/04\\\/importancia-marketing-digital-coronavirus-_post-blog-cover.png\",\"contentUrl\":\"https:\\\/\\\/www.integracaodigital.com.br\\\/blog\\\/wp-content\\\/uploads\\\/2020\\\/04\\\/importancia-marketing-digital-coronavirus-_post-blog-cover.png\",\"width\":1000,\"height\":486,\"caption\":\"importancia-marketing-digital-no-coronavirus\"},{\"@type\":\"BreadcrumbList\",\"@id\":\"https:\\\/\\\/www.integracaodigital.com.br\\\/blog\\\/2020\\\/04\\\/02\\\/importancia-marketing-digital-no-coronavirus\\\/#breadcrumb\",\"itemListElement\":[{\"@type\":\"ListItem\",\"position\":1,\"name\":\"Blog\",\"item\":\"https:\\\/\\\/www.integracaodigital.com.br\\\/blog\\\/\"},{\"@type\":\"ListItem\",\"position\":2,\"name\":\"Coronav\u00edrus: A import\u00e2ncia do Marketing Digital\"}]},{\"@type\":\"WebSite\",\"@id\":\"https:\\\/\\\/www.integracaodigital.com.br\\\/blog\\\/#website\",\"url\":\"https:\\\/\\\/www.integracaodigital.com.br\\\/blog\\\/\",\"name\":\"Blog - Integra\u00e7\u00e3o Digital\",\"description\":\"Ag\u00eancia de Marketing Digital\",\"publisher\":{\"@id\":\"https:\\\/\\\/www.integracaodigital.com.br\\\/blog\\\/#organization\"},\"potentialAction\":[{\"@type\":\"SearchAction\",\"target\":{\"@type\":\"EntryPoint\",\"urlTemplate\":\"https:\\\/\\\/www.integracaodigital.com.br\\\/blog\\\/?s={search_term_string}\"},\"query-input\":{\"@type\":\"PropertyValueSpecification\",\"valueRequired\":true,\"valueName\":\"search_term_string\"}}],\"inLanguage\":\"pt-BR\"},{\"@type\":\"Organization\",\"@id\":\"https:\\\/\\\/www.integracaodigital.com.br\\\/blog\\\/#organization\",\"name\":\"Integra\u00e7\u00e3o Digital\",\"url\":\"https:\\\/\\\/www.integracaodigital.com.br\\\/blog\\\/\",\"logo\":{\"@type\":\"ImageObject\",\"inLanguage\":\"pt-BR\",\"@id\":\"https:\\\/\\\/www.integracaodigital.com.br\\\/blog\\\/#\\\/schema\\\/logo\\\/image\\\/\",\"url\":\"https:\\\/\\\/www.integracaodigital.com.br\\\/blog\\\/wp-content\\\/uploads\\\/2020\\\/06\\\/logo-integracao-digital.png\",\"contentUrl\":\"https:\\\/\\\/www.integracaodigital.com.br\\\/blog\\\/wp-content\\\/uploads\\\/2020\\\/06\\\/logo-integracao-digital.png\",\"width\":500,\"height\":487,\"caption\":\"Integra\u00e7\u00e3o Digital\"},\"image\":{\"@id\":\"https:\\\/\\\/www.integracaodigital.com.br\\\/blog\\\/#\\\/schema\\\/logo\\\/image\\\/\"},\"sameAs\":[\"https:\\\/\\\/www.facebook.com\\\/integracaodigital\\\/\",\"https:\\\/\\\/pt.linkedin.com\\\/company\\\/integra\u00e7\u00e3o-digital\",\"https:\\\/\\\/www.instagram.com\\\/integracaodigital\\\/\"]},{\"@type\":\"Person\",\"@id\":\"https:\\\/\\\/www.integracaodigital.com.br\\\/blog\\\/#\\\/schema\\\/person\\\/5953f4e2397d7732fb7e6f8729a3c418\",\"name\":\"Natacha Tressino\",\"image\":{\"@type\":\"ImageObject\",\"inLanguage\":\"pt-BR\",\"@id\":\"https:\\\/\\\/secure.gravatar.com\\\/avatar\\\/014972316ba0803eac53aa79976ccd8e2c149fd2289a80da64834d2fba132bc0?s=96&d=wp_user_avatar&r=g\",\"url\":\"https:\\\/\\\/secure.gravatar.com\\\/avatar\\\/014972316ba0803eac53aa79976ccd8e2c149fd2289a80da64834d2fba132bc0?s=96&d=wp_user_avatar&r=g\",\"contentUrl\":\"https:\\\/\\\/secure.gravatar.com\\\/avatar\\\/014972316ba0803eac53aa79976ccd8e2c149fd2289a80da64834d2fba132bc0?s=96&d=wp_user_avatar&r=g\",\"caption\":\"Natacha Tressino\"},\"description\":\"Sou redatora publicit\u00e1ria, com experi\u00eancia em design e aspirante a UX Writing! Amo os animais e n\u00e3o dispenso um sorvete. Gosto de passeios ao ar livre, teatro, filmes e um bom livro.\",\"url\":\"https:\\\/\\\/www.integracaodigital.com.br\\\/blog\\\/author\\\/natacha-tressino\\\/\"}]}<\/script>\n<!-- \/ Yoast SEO plugin. -->","yoast_head_json":{"title":"Coronav\u00edrus: A Import\u00e2ncia do Marketing Digital - ID","description":"\u00c9 poss\u00edvel contornar a crise do Coronav\u00edrus, mesmo n\u00e3o comercializando itens de primeira necessidade? Adotando estrat\u00e9gias de marketing digital, sim!","robots":{"index":"index","follow":"follow","max-snippet":"max-snippet:-1","max-image-preview":"max-image-preview:large","max-video-preview":"max-video-preview:-1"},"canonical":"https:\/\/www.integracaodigital.com.br\/blog\/2020\/04\/02\/importancia-marketing-digital-no-coronavirus\/","og_locale":"pt_BR","og_type":"article","og_title":"Coronav\u00edrus: A Import\u00e2ncia do Marketing Digital - ID","og_description":"\u00c9 poss\u00edvel contornar a crise do Coronav\u00edrus, mesmo n\u00e3o comercializando itens de primeira necessidade? Adotando estrat\u00e9gias de marketing digital, sim!","og_url":"https:\/\/www.integracaodigital.com.br\/blog\/2020\/04\/02\/importancia-marketing-digital-no-coronavirus\/","og_site_name":"Blog - Integra\u00e7\u00e3o Digital","article_publisher":"https:\/\/www.facebook.com\/integracaodigital\/","article_published_time":"2020-04-02T23:03:50+00:00","article_modified_time":"2024-03-14T13:16:49+00:00","og_image":[{"width":1000,"height":486,"url":"https:\/\/www.integracaodigital.com.br\/blog\/wp-content\/uploads\/2020\/04\/importancia-marketing-digital-coronavirus-_post-blog-cover.png","type":"image\/png"}],"author":"Natacha Tressino","twitter_card":"summary_large_image","twitter_misc":{"Escrito por":"Natacha Tressino","Est. tempo de leitura":"8 minutos"},"schema":{"@context":"https:\/\/schema.org","@graph":[{"@type":"Article","@id":"https:\/\/www.integracaodigital.com.br\/blog\/2020\/04\/02\/importancia-marketing-digital-no-coronavirus\/#article","isPartOf":{"@id":"https:\/\/www.integracaodigital.com.br\/blog\/2020\/04\/02\/importancia-marketing-digital-no-coronavirus\/"},"author":{"name":"Natacha Tressino","@id":"https:\/\/www.integracaodigital.com.br\/blog\/#\/schema\/person\/5953f4e2397d7732fb7e6f8729a3c418"},"headline":"Coronav\u00edrus: A import\u00e2ncia do Marketing Digital","datePublished":"2020-04-02T23:03:50+00:00","dateModified":"2024-03-14T13:16:49+00:00","mainEntityOfPage":{"@id":"https:\/\/www.integracaodigital.com.br\/blog\/2020\/04\/02\/importancia-marketing-digital-no-coronavirus\/"},"wordCount":1554,"publisher":{"@id":"https:\/\/www.integracaodigital.com.br\/blog\/#organization"},"image":{"@id":"https:\/\/www.integracaodigital.com.br\/blog\/2020\/04\/02\/importancia-marketing-digital-no-coronavirus\/#primaryimage"},"thumbnailUrl":"https:\/\/www.integracaodigital.com.br\/blog\/wp-content\/uploads\/2020\/04\/importancia-marketing-digital-coronavirus-_post-blog-cover.png","keywords":["coronav\u00edrus","covid-19","cultura digital","estrat\u00e9gias de marketing digital","pandemia"],"articleSection":["Marketing Digital"],"inLanguage":"pt-BR"},{"@type":"WebPage","@id":"https:\/\/www.integracaodigital.com.br\/blog\/2020\/04\/02\/importancia-marketing-digital-no-coronavirus\/","url":"https:\/\/www.integracaodigital.com.br\/blog\/2020\/04\/02\/importancia-marketing-digital-no-coronavirus\/","name":"Coronav\u00edrus: A Import\u00e2ncia do Marketing Digital - ID","isPartOf":{"@id":"https:\/\/www.integracaodigital.com.br\/blog\/#website"},"primaryImageOfPage":{"@id":"https:\/\/www.integracaodigital.com.br\/blog\/2020\/04\/02\/importancia-marketing-digital-no-coronavirus\/#primaryimage"},"image":{"@id":"https:\/\/www.integracaodigital.com.br\/blog\/2020\/04\/02\/importancia-marketing-digital-no-coronavirus\/#primaryimage"},"thumbnailUrl":"https:\/\/www.integracaodigital.com.br\/blog\/wp-content\/uploads\/2020\/04\/importancia-marketing-digital-coronavirus-_post-blog-cover.png","datePublished":"2020-04-02T23:03:50+00:00","dateModified":"2024-03-14T13:16:49+00:00","description":"\u00c9 poss\u00edvel contornar a crise do Coronav\u00edrus, mesmo n\u00e3o comercializando itens de primeira necessidade? Adotando estrat\u00e9gias de marketing digital, sim!","breadcrumb":{"@id":"https:\/\/www.integracaodigital.com.br\/blog\/2020\/04\/02\/importancia-marketing-digital-no-coronavirus\/#breadcrumb"},"inLanguage":"pt-BR","potentialAction":[{"@type":"ReadAction","target":["https:\/\/www.integracaodigital.com.br\/blog\/2020\/04\/02\/importancia-marketing-digital-no-coronavirus\/"]}]},{"@type":"ImageObject","inLanguage":"pt-BR","@id":"https:\/\/www.integracaodigital.com.br\/blog\/2020\/04\/02\/importancia-marketing-digital-no-coronavirus\/#primaryimage","url":"https:\/\/www.integracaodigital.com.br\/blog\/wp-content\/uploads\/2020\/04\/importancia-marketing-digital-coronavirus-_post-blog-cover.png","contentUrl":"https:\/\/www.integracaodigital.com.br\/blog\/wp-content\/uploads\/2020\/04\/importancia-marketing-digital-coronavirus-_post-blog-cover.png","width":1000,"height":486,"caption":"importancia-marketing-digital-no-coronavirus"},{"@type":"BreadcrumbList","@id":"https:\/\/www.integracaodigital.com.br\/blog\/2020\/04\/02\/importancia-marketing-digital-no-coronavirus\/#breadcrumb","itemListElement":[{"@type":"ListItem","position":1,"name":"Blog","item":"https:\/\/www.integracaodigital.com.br\/blog\/"},{"@type":"ListItem","position":2,"name":"Coronav\u00edrus: A import\u00e2ncia do Marketing Digital"}]},{"@type":"WebSite","@id":"https:\/\/www.integracaodigital.com.br\/blog\/#website","url":"https:\/\/www.integracaodigital.com.br\/blog\/","name":"Blog - Integra\u00e7\u00e3o Digital","description":"Ag\u00eancia de Marketing Digital","publisher":{"@id":"https:\/\/www.integracaodigital.com.br\/blog\/#organization"},"potentialAction":[{"@type":"SearchAction","target":{"@type":"EntryPoint","urlTemplate":"https:\/\/www.integracaodigital.com.br\/blog\/?s={search_term_string}"},"query-input":{"@type":"PropertyValueSpecification","valueRequired":true,"valueName":"search_term_string"}}],"inLanguage":"pt-BR"},{"@type":"Organization","@id":"https:\/\/www.integracaodigital.com.br\/blog\/#organization","name":"Integra\u00e7\u00e3o Digital","url":"https:\/\/www.integracaodigital.com.br\/blog\/","logo":{"@type":"ImageObject","inLanguage":"pt-BR","@id":"https:\/\/www.integracaodigital.com.br\/blog\/#\/schema\/logo\/image\/","url":"https:\/\/www.integracaodigital.com.br\/blog\/wp-content\/uploads\/2020\/06\/logo-integracao-digital.png","contentUrl":"https:\/\/www.integracaodigital.com.br\/blog\/wp-content\/uploads\/2020\/06\/logo-integracao-digital.png","width":500,"height":487,"caption":"Integra\u00e7\u00e3o Digital"},"image":{"@id":"https:\/\/www.integracaodigital.com.br\/blog\/#\/schema\/logo\/image\/"},"sameAs":["https:\/\/www.facebook.com\/integracaodigital\/","https:\/\/pt.linkedin.com\/company\/integra\u00e7\u00e3o-digital","https:\/\/www.instagram.com\/integracaodigital\/"]},{"@type":"Person","@id":"https:\/\/www.integracaodigital.com.br\/blog\/#\/schema\/person\/5953f4e2397d7732fb7e6f8729a3c418","name":"Natacha Tressino","image":{"@type":"ImageObject","inLanguage":"pt-BR","@id":"https:\/\/secure.gravatar.com\/avatar\/014972316ba0803eac53aa79976ccd8e2c149fd2289a80da64834d2fba132bc0?s=96&d=wp_user_avatar&r=g","url":"https:\/\/secure.gravatar.com\/avatar\/014972316ba0803eac53aa79976ccd8e2c149fd2289a80da64834d2fba132bc0?s=96&d=wp_user_avatar&r=g","contentUrl":"https:\/\/secure.gravatar.com\/avatar\/014972316ba0803eac53aa79976ccd8e2c149fd2289a80da64834d2fba132bc0?s=96&d=wp_user_avatar&r=g","caption":"Natacha Tressino"},"description":"Sou redatora publicit\u00e1ria, com experi\u00eancia em design e aspirante a UX Writing! Amo os animais e n\u00e3o dispenso um sorvete. Gosto de passeios ao ar livre, teatro, filmes e um bom livro.","url":"https:\/\/www.integracaodigital.com.br\/blog\/author\/natacha-tressino\/"}]}},"_links":{"self":[{"href":"https:\/\/www.integracaodigital.com.br\/blog\/wp-json\/wp\/v2\/posts\/855","targetHints":{"allow":["GET"]}}],"collection":[{"href":"https:\/\/www.integracaodigital.com.br\/blog\/wp-json\/wp\/v2\/posts"}],"about":[{"href":"https:\/\/www.integracaodigital.com.br\/blog\/wp-json\/wp\/v2\/types\/post"}],"author":[{"embeddable":true,"href":"https:\/\/www.integracaodigital.com.br\/blog\/wp-json\/wp\/v2\/users\/2"}],"replies":[{"embeddable":true,"href":"https:\/\/www.integracaodigital.com.br\/blog\/wp-json\/wp\/v2\/comments?post=855"}],"version-history":[{"count":1,"href":"https:\/\/www.integracaodigital.com.br\/blog\/wp-json\/wp\/v2\/posts\/855\/revisions"}],"predecessor-version":[{"id":2548,"href":"https:\/\/www.integracaodigital.com.br\/blog\/wp-json\/wp\/v2\/posts\/855\/revisions\/2548"}],"wp:featuredmedia":[{"embeddable":true,"href":"https:\/\/www.integracaodigital.com.br\/blog\/wp-json\/wp\/v2\/media\/856"}],"wp:attachment":[{"href":"https:\/\/www.integracaodigital.com.br\/blog\/wp-json\/wp\/v2\/media?parent=855"}],"wp:term":[{"taxonomy":"category","embeddable":true,"href":"https:\/\/www.integracaodigital.com.br\/blog\/wp-json\/wp\/v2\/categories?post=855"},{"taxonomy":"post_tag","embeddable":true,"href":"https:\/\/www.integracaodigital.com.br\/blog\/wp-json\/wp\/v2\/tags?post=855"}],"curies":[{"name":"wp","href":"https:\/\/api.w.org\/{rel}","templated":true}]}}