{"id":922,"date":"2020-05-14T19:09:22","date_gmt":"2020-05-14T22:09:22","guid":{"rendered":"https:\/\/integracaodigital.com.br\/blog\/?p=922"},"modified":"2024-03-14T10:16:48","modified_gmt":"2024-03-14T13:16:48","slug":"messenger-rooms-videoconferencia-pelo-facebook","status":"publish","type":"post","link":"https:\/\/www.integracaodigital.com.br\/blog\/2020\/05\/14\/messenger-rooms-videoconferencia-pelo-facebook\/","title":{"rendered":"Messenger Rooms: o novo servi\u00e7o de videoconfer\u00eancia do Facebook!"},"content":{"rendered":"<h1><img decoding=\"async\" class=\"alignnone wp-image-923 size-full\" title=\"Messenger Rooms: o novo servi\u00e7o de videoconfer\u00eancia do Facebook\" src=\"https:\/\/integracaodigital.com.br\/blog\/wp-content\/uploads\/2020\/05\/messenger-rooms-_post-blog-cover.png\" alt=\"Messenger Rooms: o novo servi\u00e7o de videoconfer\u00eancia do Facebook\" width=\"1000\" height=\"486\" srcset=\"https:\/\/www.integracaodigital.com.br\/blog\/wp-content\/uploads\/2020\/05\/messenger-rooms-_post-blog-cover.png 1000w, https:\/\/www.integracaodigital.com.br\/blog\/wp-content\/uploads\/2020\/05\/messenger-rooms-_post-blog-cover-300x146.png 300w, https:\/\/www.integracaodigital.com.br\/blog\/wp-content\/uploads\/2020\/05\/messenger-rooms-_post-blog-cover-768x373.png 768w\" sizes=\"(max-width: 1000px) 100vw, 1000px\" \/><\/h1>\n<h1><b>Messenger Rooms: o novo servi\u00e7o de videoconfer\u00eancia do Facebook!<\/b><\/h1>\n<p><span style=\"font-weight: 400;\">Com o isolamento social causado pela pandemia do COVID-19, a busca por ferramentas que facilitem a comunica\u00e7\u00e3o e o trabalho remoto s\u00f3 aumenta. Para suprir essa necessidade e ajudar as pessoas a se sentirem juntas, o Facebook lan\u00e7a seu novo servi\u00e7o de videoconfer\u00eancia: o <\/span><b>Messenger Rooms!\u00a0<\/b><\/p>\n<p><span style=\"font-weight: 400;\">Agora os usu\u00e1rios do Facebook podem fazer chamadas por \u00e1udio e v\u00eddeo em salas de chat online da rede social, de um jeito mais f\u00e1cil e natural. <\/span><\/p>\n<p><span style=\"font-weight: 400;\">O recurso \u00e9 voltado tanto para profissionais que necessitam realizar reuni\u00f5es de trabalho quanto para pessoas que desejam se conectar com seus amigos e familiares de um jeito diferente, a fim de encurtar dist\u00e2ncias.<\/span><\/p>\n<p>&nbsp;<\/p>\n<blockquote><p><i><span style=\"font-weight: 400;\">Entre liga\u00e7\u00f5es no Messenger e Whatsapp, estima-se que mais de 700 milh\u00f5es de pessoas, em todo o mundo, fa\u00e7am pelo menos uma videoconfer\u00eancia todos os dias!\u00a0<\/span><\/i><\/p>\n<p><i><span style=\"font-weight: 400;\">\u2014 <\/span><\/i><i><span style=\"font-weight: 400;\">\u00a0<\/span><\/i><b>Facebook Newsroom<\/b><\/p><\/blockquote>\n<p>&nbsp;<\/p>\n<p><span style=\"font-weight: 400;\">A princ\u00edpio, as salas virtuais de conversa do Messenger Rooms t\u00eam capacidade para acomodar at\u00e9 50 pessoas online, sem limite de tempo. \u00c9 poss\u00edvel criar uma sala de bate-papo e compartilhar pela sua timeline, grupos e eventos. Contudo, o Facebook anunciou que em breve vai liberar a fun\u00e7\u00e3o no Instagram Directs Whatsapp tamb\u00e9m.\u00a0<\/span><\/p>\n<p>&nbsp;<\/p>\n<h2><b>Como o Messenger Rooms funciona?<\/b><\/h2>\n<p><span style=\"font-weight: 400;\">O mais interessante \u00e9 como as salas do Messenger Rooms funcionam. Estamos realmente falando de um recurso de videoconfer\u00eancia, portanto, n\u00e3o \u00e9 s\u00f3 realizar uma chamada de v\u00eddeo, ou simplesmente ligar para algu\u00e9m e esperar que a pessoa atenda.\u00a0<\/span><\/p>\n<p><span style=\"font-weight: 400;\">Voc\u00ea precisa criar uma sala de conversa, as chamadas \u201crooms\u201d, a\u00ed ent\u00e3o convidar seus amigos e matar a saudade, ou aproveitar para fechar aquele neg\u00f3cio t\u00e3o importante para a sua empresa. <\/span><\/p>\n<p><span style=\"font-weight: 400;\">Os perfis convidados poder\u00e3o entrar e sair da sala a qualquer momento, enquanto ela estiver aberta, contanto que tenham o link de acesso. Tamb\u00e9m \u00e9 poss\u00edvel bloquear a entrada, al\u00e9m de criar \u201crooms\u201d com configura\u00e7\u00f5es de privacidade e seguran\u00e7a.\u00a0<\/span><\/p>\n<p><a href=\"https:\/\/www.integracaodigital.com.br\/n\/criacao-de-loja-virtual.php\" target=\"_blank\" rel=\"noopener noreferrer\"><img decoding=\"async\" class=\"alignnone size-full wp-image-906\" src=\"https:\/\/integracaodigital.com.br\/blog\/wp-content\/uploads\/2020\/05\/INTEG-_blog-banner-08.png\" alt=\"cria\u00e7\u00e3o-de-loja-virtual-integra\u00e7\u00e3o-digital\" width=\"1000\" height=\"360\" srcset=\"https:\/\/www.integracaodigital.com.br\/blog\/wp-content\/uploads\/2020\/05\/INTEG-_blog-banner-08.png 1000w, https:\/\/www.integracaodigital.com.br\/blog\/wp-content\/uploads\/2020\/05\/INTEG-_blog-banner-08-300x108.png 300w, https:\/\/www.integracaodigital.com.br\/blog\/wp-content\/uploads\/2020\/05\/INTEG-_blog-banner-08-768x276.png 768w\" sizes=\"(max-width: 1000px) 100vw, 1000px\" \/><\/a><\/p>\n<p><span style=\"font-weight: 400;\">Falando um pouco mais sobre as funcionalidades, usu\u00e1rios do Messenger podem aplicar efeitos de realidade aumentada, como orelhas de coelho, e recursos de AI, como fundos imersivos em 360\u00ba e ilumina\u00e7\u00e3o ambiente.<\/span><\/p>\n<p>&nbsp;<\/p>\n<h2><b>Crie salas para diferentes grupos de pessoas<\/b><\/h2>\n<p><span style=\"font-weight: 400;\">A segmenta\u00e7\u00e3o \u00e9 uma das vantagens do Messenger Rooms. Voc\u00ea pode criar salas para diferentes grupos de pessoas, como: colegas de trabalho, familiares, amigos e comunidades em geral. A videoconfer\u00eancia pode ser iniciado por dispositivos m\u00f3veis ou desktops, sem restri\u00e7\u00f5es e com a mesma qualidade de \u00e1udio e v\u00eddeo.\u00a0<\/span><\/p>\n<p><span style=\"font-weight: 400;\">Vale ressaltar, que n\u00e3o precisa ter conta no Facebook para participar das chamadas. A ideia n\u00e3o \u00e9 aumentar o n\u00famero de usu\u00e1rio na rede social, mas oferecer \u00e0s pessoas um ambiente seguro e acolhedor, onde possam se reunir e falar sobre assuntos diversos. <\/span><\/p>\n<p><span style=\"font-weight: 400;\">Se voc\u00ea correu para experimentar o Messenger Rooms, muita calma nessa hora! O <\/span><a href=\"https:\/\/about.fb.com\/news\/2020\/04\/introducing-messenger-rooms\/\" target=\"_blank\" rel=\"noopener noreferrer\"><span style=\"font-weight: 400;\">comunicado oficial <\/span><\/a><span style=\"font-weight: 400;\">diz que a implementa\u00e7\u00e3o ser\u00e1 feita para usu\u00e1rios de alguns pa\u00edses, mas n\u00e3o citou quais poder\u00e3o experimentar a nova funcionalidade primeiro. Teremos que esperar, ansiosos, pela nossa vez\u2026<\/span><\/p>\n<p><span style=\"font-weight: 400;\">Enquanto isso, que tal dar uma olhada em <\/span><a href=\"https:\/\/integracaodigital.com.br\/blog\/ferramentas-de-videoconferencia-gratis\/\" target=\"_blank\" rel=\"noopener noreferrer\"><span style=\"font-weight: 400;\">algumas ferramentas gratuitas de videoconfer\u00eancia<\/span><\/a><span style=\"font-weight: 400;\">? A chance perfeita para economizar e tornar suas reuni\u00f5es mais produtivas, s\u00f3 que remotamente.\u00a0<\/span><\/p>\n<p>&nbsp;<\/p>\n<h2><b>O ambiente digital \u00e9 o novo com\u00e9rcio de rua<\/b><\/h2>\n<p><span style=\"font-weight: 400;\">Parece que estamos vivendo o novo amanh\u00e3. Esperar essa crise passar e torcer para que tudo volte ao normal n\u00e3o \u00e9 uma op\u00e7\u00e3o. Para manter seu neg\u00f3cio vivo e forte, voc\u00ea vai ter que se reinventar, que TORN\u00c1-LO DIGITAL! Mas voc\u00ea n\u00e3o precisa estar sozinho. ??<\/span><\/p>\n<p><span style=\"font-weight: 400;\">Se voc\u00ea tem um com\u00e9rcio e est\u00e1 com as portas fechadas, que tal abrir uma loja online e come\u00e7ar a operar no ambiente digital? Funcione 24 horas, todos os dias e amplie suas vendas. <\/span><\/p>\n<p><span style=\"font-weight: 400;\">Caso ainda n\u00e3o tenha um site, esse \u00e9 o momento ideal para criar um e come\u00e7ar a aparecer nas p\u00e1ginas de resultados de buscas do Google. Uma boa estrat\u00e9gia de SEO e Google Ads pode ajud\u00e1-lo com isso.\u00a0<\/span><\/p>\n<p><a href=\"https:\/\/www.integracaodigital.com.br\/n\/seo.php\" target=\"_blank\" rel=\"noopener noreferrer\"><img decoding=\"async\" class=\"alignnone size-full wp-image-899\" src=\"https:\/\/integracaodigital.com.br\/blog\/wp-content\/uploads\/2020\/05\/INTEG-_blog-banner-01.png\" alt=\"seo-marketing-integra\u00e7\u00e3o-digital-01\" width=\"1000\" height=\"356\" srcset=\"https:\/\/www.integracaodigital.com.br\/blog\/wp-content\/uploads\/2020\/05\/INTEG-_blog-banner-01.png 1000w, https:\/\/www.integracaodigital.com.br\/blog\/wp-content\/uploads\/2020\/05\/INTEG-_blog-banner-01-300x107.png 300w, https:\/\/www.integracaodigital.com.br\/blog\/wp-content\/uploads\/2020\/05\/INTEG-_blog-banner-01-768x273.png 768w\" sizes=\"(max-width: 1000px) 100vw, 1000px\" \/><\/a><\/p>\n<p><span style=\"font-weight: 400;\">Com o aumento da transmiss\u00e3o de lives e compartilhamento de conte\u00fados, as pessoas est\u00e3o se voltando para as redes sociais. Anunciar no Facebook e Instagram \u00e9 a oportunidade perfeita para tornar sua marca conhecida e vender mais.\u00a0<\/span><\/p>\n<p><span style=\"font-weight: 400;\">Como voc\u00ea pode ver, com o isolamento social o ambiente online concentrou boa parte das opera\u00e7\u00f5es comerciais e de entretenimento. E assim ser\u00e1 por muito tempo, mesmo depois que essa crise e seus efeitos passarem. <\/span><\/p>\n<p><span style=\"font-weight: 400;\">Portanto, aproveite agora para conquistar seu lugar ao sol no Google, na mente e cora\u00e7\u00e3o dos consumidores, para continuar a ser lembrado depois.<\/span><\/p>\n<p>&nbsp;<\/p>\n<p><span style=\"font-weight: 400;\">Pensar suas estrat\u00e9gias de Marketing Digital \u00e9 o caminho mais seguro para vencer a pandemia e manter seu neg\u00f3cio prosperando. N\u00f3s da <\/span><a href=\"https:\/\/www.integracaodigital.com.br\/n\/\" target=\"_blank\" rel=\"noopener noreferrer\"><span style=\"font-weight: 400;\">I<\/span><span style=\"font-weight: 400;\">ntegra\u00e7\u00e3o Digital<\/span><\/a><span style=\"font-weight: 400;\">, especialistas em SEO Marketing, estamos preparados e a postos para ajud\u00e1-lo a digitalizar seu neg\u00f3cio e deix\u00e1-lo ainda mais forte. <\/span><span style=\"font-weight: 400;\">Isso porque Marketing Digital \u00e9 a nossa especialidade. <\/span><span style=\"font-weight: 400;\">#juntossomosmaisfortes ??<\/span><\/p>\n","protected":false},"excerpt":{"rendered":"<p>Messenger Rooms: o novo servi\u00e7o de videoconfer\u00eancia do Facebook! Com o isolamento social causado pela pandemia do COVID-19, a busca por ferramentas que facilitem a comunica\u00e7\u00e3o e o trabalho remoto s\u00f3 aumenta. Para suprir essa necessidade e ajudar as pessoas a se sentirem juntas, o Facebook lan\u00e7a seu novo servi\u00e7o de videoconfer\u00eancia: o Messenger Rooms!\u00a0&hellip;<\/p>\n","protected":false},"author":2,"featured_media":923,"comment_status":"closed","ping_status":"open","sticky":false,"template":"","format":"standard","meta":{"footnotes":""},"categories":[407],"tags":[237,239,11,220,259,158,262,244,261],"class_list":["post-922","post","type-post","status-publish","format-standard","has-post-thumbnail","hentry","category-redes-sociais","tag-coronavirus","tag-covid-19","tag-estrategias-de-marketing-digital","tag-facebook","tag-ferramentas-de-videoconferencia-gratis","tag-instagram","tag-messenger-rooms","tag-pandemia","tag-videoconferencia"],"yoast_head":"<!-- This site is optimized with the Yoast SEO plugin v27.5 - https:\/\/yoast.com\/product\/yoast-seo-wordpress\/ -->\n<title>Messenger Rooms: Novo Servi\u00e7o de Videoconfer\u00eancia do Facebook! - ID<\/title>\n<meta name=\"description\" content=\"Que tal criar salas de videoconfer\u00eancia para diferentes grupos de pessoas usando o Facebook? Conhe\u00e7a o Messenger Rooms e explore recursos \u00fanicos!\" \/>\n<meta name=\"robots\" content=\"index, follow, max-snippet:-1, max-image-preview:large, max-video-preview:-1\" \/>\n<link rel=\"canonical\" href=\"https:\/\/www.integracaodigital.com.br\/blog\/2020\/05\/14\/messenger-rooms-videoconferencia-pelo-facebook\/\" \/>\n<meta property=\"og:locale\" content=\"pt_BR\" \/>\n<meta property=\"og:type\" content=\"article\" \/>\n<meta property=\"og:title\" content=\"Messenger Rooms: Novo Servi\u00e7o de Videoconfer\u00eancia do Facebook! - ID\" \/>\n<meta property=\"og:description\" content=\"Que tal criar salas de videoconfer\u00eancia para diferentes grupos de pessoas usando o Facebook? Conhe\u00e7a o Messenger Rooms e explore recursos \u00fanicos!\" \/>\n<meta property=\"og:url\" content=\"https:\/\/www.integracaodigital.com.br\/blog\/2020\/05\/14\/messenger-rooms-videoconferencia-pelo-facebook\/\" \/>\n<meta property=\"og:site_name\" content=\"Blog - Integra\u00e7\u00e3o Digital\" \/>\n<meta property=\"article:publisher\" content=\"https:\/\/www.facebook.com\/integracaodigital\/\" \/>\n<meta property=\"article:published_time\" content=\"2020-05-14T22:09:22+00:00\" \/>\n<meta property=\"article:modified_time\" content=\"2024-03-14T13:16:48+00:00\" \/>\n<meta property=\"og:image\" content=\"https:\/\/www.integracaodigital.com.br\/blog\/wp-content\/uploads\/2020\/05\/messenger-rooms-_post-blog-cover.png\" \/>\n\t<meta property=\"og:image:width\" content=\"1000\" \/>\n\t<meta property=\"og:image:height\" content=\"486\" \/>\n\t<meta property=\"og:image:type\" content=\"image\/png\" \/>\n<meta name=\"author\" content=\"Natacha Tressino\" \/>\n<meta name=\"twitter:card\" content=\"summary_large_image\" \/>\n<meta name=\"twitter:label1\" content=\"Escrito por\" \/>\n\t<meta name=\"twitter:data1\" content=\"Natacha Tressino\" \/>\n\t<meta name=\"twitter:label2\" content=\"Est. tempo de leitura\" \/>\n\t<meta name=\"twitter:data2\" content=\"4 minutos\" \/>\n<script type=\"application\/ld+json\" class=\"yoast-schema-graph\">{\"@context\":\"https:\\\/\\\/schema.org\",\"@graph\":[{\"@type\":\"Article\",\"@id\":\"https:\\\/\\\/www.integracaodigital.com.br\\\/blog\\\/2020\\\/05\\\/14\\\/messenger-rooms-videoconferencia-pelo-facebook\\\/#article\",\"isPartOf\":{\"@id\":\"https:\\\/\\\/www.integracaodigital.com.br\\\/blog\\\/2020\\\/05\\\/14\\\/messenger-rooms-videoconferencia-pelo-facebook\\\/\"},\"author\":{\"name\":\"Natacha Tressino\",\"@id\":\"https:\\\/\\\/www.integracaodigital.com.br\\\/blog\\\/#\\\/schema\\\/person\\\/5953f4e2397d7732fb7e6f8729a3c418\"},\"headline\":\"Messenger Rooms: o novo servi\u00e7o de videoconfer\u00eancia do Facebook!\",\"datePublished\":\"2020-05-14T22:09:22+00:00\",\"dateModified\":\"2024-03-14T13:16:48+00:00\",\"mainEntityOfPage\":{\"@id\":\"https:\\\/\\\/www.integracaodigital.com.br\\\/blog\\\/2020\\\/05\\\/14\\\/messenger-rooms-videoconferencia-pelo-facebook\\\/\"},\"wordCount\":863,\"publisher\":{\"@id\":\"https:\\\/\\\/www.integracaodigital.com.br\\\/blog\\\/#organization\"},\"image\":{\"@id\":\"https:\\\/\\\/www.integracaodigital.com.br\\\/blog\\\/2020\\\/05\\\/14\\\/messenger-rooms-videoconferencia-pelo-facebook\\\/#primaryimage\"},\"thumbnailUrl\":\"https:\\\/\\\/www.integracaodigital.com.br\\\/blog\\\/wp-content\\\/uploads\\\/2020\\\/05\\\/messenger-rooms-_post-blog-cover.png\",\"keywords\":[\"coronav\u00edrus\",\"covid-19\",\"estrat\u00e9gias de marketing digital\",\"facebook\",\"ferramentas de videoconfer\u00eancia gr\u00e1tis\",\"Instagram\",\"messenger rooms\",\"pandemia\",\"videoconfer\u00eancia\"],\"articleSection\":[\"Redes Sociais\"],\"inLanguage\":\"pt-BR\"},{\"@type\":\"WebPage\",\"@id\":\"https:\\\/\\\/www.integracaodigital.com.br\\\/blog\\\/2020\\\/05\\\/14\\\/messenger-rooms-videoconferencia-pelo-facebook\\\/\",\"url\":\"https:\\\/\\\/www.integracaodigital.com.br\\\/blog\\\/2020\\\/05\\\/14\\\/messenger-rooms-videoconferencia-pelo-facebook\\\/\",\"name\":\"Messenger Rooms: Novo Servi\u00e7o de Videoconfer\u00eancia do Facebook! - ID\",\"isPartOf\":{\"@id\":\"https:\\\/\\\/www.integracaodigital.com.br\\\/blog\\\/#website\"},\"primaryImageOfPage\":{\"@id\":\"https:\\\/\\\/www.integracaodigital.com.br\\\/blog\\\/2020\\\/05\\\/14\\\/messenger-rooms-videoconferencia-pelo-facebook\\\/#primaryimage\"},\"image\":{\"@id\":\"https:\\\/\\\/www.integracaodigital.com.br\\\/blog\\\/2020\\\/05\\\/14\\\/messenger-rooms-videoconferencia-pelo-facebook\\\/#primaryimage\"},\"thumbnailUrl\":\"https:\\\/\\\/www.integracaodigital.com.br\\\/blog\\\/wp-content\\\/uploads\\\/2020\\\/05\\\/messenger-rooms-_post-blog-cover.png\",\"datePublished\":\"2020-05-14T22:09:22+00:00\",\"dateModified\":\"2024-03-14T13:16:48+00:00\",\"description\":\"Que tal criar salas de videoconfer\u00eancia para diferentes grupos de pessoas usando o Facebook? Conhe\u00e7a o Messenger Rooms e explore recursos \u00fanicos!\",\"breadcrumb\":{\"@id\":\"https:\\\/\\\/www.integracaodigital.com.br\\\/blog\\\/2020\\\/05\\\/14\\\/messenger-rooms-videoconferencia-pelo-facebook\\\/#breadcrumb\"},\"inLanguage\":\"pt-BR\",\"potentialAction\":[{\"@type\":\"ReadAction\",\"target\":[\"https:\\\/\\\/www.integracaodigital.com.br\\\/blog\\\/2020\\\/05\\\/14\\\/messenger-rooms-videoconferencia-pelo-facebook\\\/\"]}]},{\"@type\":\"ImageObject\",\"inLanguage\":\"pt-BR\",\"@id\":\"https:\\\/\\\/www.integracaodigital.com.br\\\/blog\\\/2020\\\/05\\\/14\\\/messenger-rooms-videoconferencia-pelo-facebook\\\/#primaryimage\",\"url\":\"https:\\\/\\\/www.integracaodigital.com.br\\\/blog\\\/wp-content\\\/uploads\\\/2020\\\/05\\\/messenger-rooms-_post-blog-cover.png\",\"contentUrl\":\"https:\\\/\\\/www.integracaodigital.com.br\\\/blog\\\/wp-content\\\/uploads\\\/2020\\\/05\\\/messenger-rooms-_post-blog-cover.png\",\"width\":1000,\"height\":486,\"caption\":\"messenger-rooms-videoconferencia-facebook\"},{\"@type\":\"BreadcrumbList\",\"@id\":\"https:\\\/\\\/www.integracaodigital.com.br\\\/blog\\\/2020\\\/05\\\/14\\\/messenger-rooms-videoconferencia-pelo-facebook\\\/#breadcrumb\",\"itemListElement\":[{\"@type\":\"ListItem\",\"position\":1,\"name\":\"Blog\",\"item\":\"https:\\\/\\\/www.integracaodigital.com.br\\\/blog\\\/\"},{\"@type\":\"ListItem\",\"position\":2,\"name\":\"Messenger Rooms: o novo servi\u00e7o de videoconfer\u00eancia do Facebook!\"}]},{\"@type\":\"WebSite\",\"@id\":\"https:\\\/\\\/www.integracaodigital.com.br\\\/blog\\\/#website\",\"url\":\"https:\\\/\\\/www.integracaodigital.com.br\\\/blog\\\/\",\"name\":\"Blog - Integra\u00e7\u00e3o Digital\",\"description\":\"Ag\u00eancia de Marketing Digital\",\"publisher\":{\"@id\":\"https:\\\/\\\/www.integracaodigital.com.br\\\/blog\\\/#organization\"},\"potentialAction\":[{\"@type\":\"SearchAction\",\"target\":{\"@type\":\"EntryPoint\",\"urlTemplate\":\"https:\\\/\\\/www.integracaodigital.com.br\\\/blog\\\/?s={search_term_string}\"},\"query-input\":{\"@type\":\"PropertyValueSpecification\",\"valueRequired\":true,\"valueName\":\"search_term_string\"}}],\"inLanguage\":\"pt-BR\"},{\"@type\":\"Organization\",\"@id\":\"https:\\\/\\\/www.integracaodigital.com.br\\\/blog\\\/#organization\",\"name\":\"Integra\u00e7\u00e3o Digital\",\"url\":\"https:\\\/\\\/www.integracaodigital.com.br\\\/blog\\\/\",\"logo\":{\"@type\":\"ImageObject\",\"inLanguage\":\"pt-BR\",\"@id\":\"https:\\\/\\\/www.integracaodigital.com.br\\\/blog\\\/#\\\/schema\\\/logo\\\/image\\\/\",\"url\":\"https:\\\/\\\/www.integracaodigital.com.br\\\/blog\\\/wp-content\\\/uploads\\\/2020\\\/06\\\/logo-integracao-digital.png\",\"contentUrl\":\"https:\\\/\\\/www.integracaodigital.com.br\\\/blog\\\/wp-content\\\/uploads\\\/2020\\\/06\\\/logo-integracao-digital.png\",\"width\":500,\"height\":487,\"caption\":\"Integra\u00e7\u00e3o Digital\"},\"image\":{\"@id\":\"https:\\\/\\\/www.integracaodigital.com.br\\\/blog\\\/#\\\/schema\\\/logo\\\/image\\\/\"},\"sameAs\":[\"https:\\\/\\\/www.facebook.com\\\/integracaodigital\\\/\",\"https:\\\/\\\/pt.linkedin.com\\\/company\\\/integra\u00e7\u00e3o-digital\",\"https:\\\/\\\/www.instagram.com\\\/integracaodigital\\\/\"]},{\"@type\":\"Person\",\"@id\":\"https:\\\/\\\/www.integracaodigital.com.br\\\/blog\\\/#\\\/schema\\\/person\\\/5953f4e2397d7732fb7e6f8729a3c418\",\"name\":\"Natacha Tressino\",\"image\":{\"@type\":\"ImageObject\",\"inLanguage\":\"pt-BR\",\"@id\":\"https:\\\/\\\/secure.gravatar.com\\\/avatar\\\/014972316ba0803eac53aa79976ccd8e2c149fd2289a80da64834d2fba132bc0?s=96&d=wp_user_avatar&r=g\",\"url\":\"https:\\\/\\\/secure.gravatar.com\\\/avatar\\\/014972316ba0803eac53aa79976ccd8e2c149fd2289a80da64834d2fba132bc0?s=96&d=wp_user_avatar&r=g\",\"contentUrl\":\"https:\\\/\\\/secure.gravatar.com\\\/avatar\\\/014972316ba0803eac53aa79976ccd8e2c149fd2289a80da64834d2fba132bc0?s=96&d=wp_user_avatar&r=g\",\"caption\":\"Natacha Tressino\"},\"description\":\"Sou redatora publicit\u00e1ria, com experi\u00eancia em design e aspirante a UX Writing! Amo os animais e n\u00e3o dispenso um sorvete. Gosto de passeios ao ar livre, teatro, filmes e um bom livro.\",\"url\":\"https:\\\/\\\/www.integracaodigital.com.br\\\/blog\\\/author\\\/natacha-tressino\\\/\"}]}<\/script>\n<!-- \/ Yoast SEO plugin. -->","yoast_head_json":{"title":"Messenger Rooms: Novo Servi\u00e7o de Videoconfer\u00eancia do Facebook! - ID","description":"Que tal criar salas de videoconfer\u00eancia para diferentes grupos de pessoas usando o Facebook? Conhe\u00e7a o Messenger Rooms e explore recursos \u00fanicos!","robots":{"index":"index","follow":"follow","max-snippet":"max-snippet:-1","max-image-preview":"max-image-preview:large","max-video-preview":"max-video-preview:-1"},"canonical":"https:\/\/www.integracaodigital.com.br\/blog\/2020\/05\/14\/messenger-rooms-videoconferencia-pelo-facebook\/","og_locale":"pt_BR","og_type":"article","og_title":"Messenger Rooms: Novo Servi\u00e7o de Videoconfer\u00eancia do Facebook! - ID","og_description":"Que tal criar salas de videoconfer\u00eancia para diferentes grupos de pessoas usando o Facebook? Conhe\u00e7a o Messenger Rooms e explore recursos \u00fanicos!","og_url":"https:\/\/www.integracaodigital.com.br\/blog\/2020\/05\/14\/messenger-rooms-videoconferencia-pelo-facebook\/","og_site_name":"Blog - Integra\u00e7\u00e3o Digital","article_publisher":"https:\/\/www.facebook.com\/integracaodigital\/","article_published_time":"2020-05-14T22:09:22+00:00","article_modified_time":"2024-03-14T13:16:48+00:00","og_image":[{"width":1000,"height":486,"url":"https:\/\/www.integracaodigital.com.br\/blog\/wp-content\/uploads\/2020\/05\/messenger-rooms-_post-blog-cover.png","type":"image\/png"}],"author":"Natacha Tressino","twitter_card":"summary_large_image","twitter_misc":{"Escrito por":"Natacha Tressino","Est. tempo de leitura":"4 minutos"},"schema":{"@context":"https:\/\/schema.org","@graph":[{"@type":"Article","@id":"https:\/\/www.integracaodigital.com.br\/blog\/2020\/05\/14\/messenger-rooms-videoconferencia-pelo-facebook\/#article","isPartOf":{"@id":"https:\/\/www.integracaodigital.com.br\/blog\/2020\/05\/14\/messenger-rooms-videoconferencia-pelo-facebook\/"},"author":{"name":"Natacha Tressino","@id":"https:\/\/www.integracaodigital.com.br\/blog\/#\/schema\/person\/5953f4e2397d7732fb7e6f8729a3c418"},"headline":"Messenger Rooms: o novo servi\u00e7o de videoconfer\u00eancia do Facebook!","datePublished":"2020-05-14T22:09:22+00:00","dateModified":"2024-03-14T13:16:48+00:00","mainEntityOfPage":{"@id":"https:\/\/www.integracaodigital.com.br\/blog\/2020\/05\/14\/messenger-rooms-videoconferencia-pelo-facebook\/"},"wordCount":863,"publisher":{"@id":"https:\/\/www.integracaodigital.com.br\/blog\/#organization"},"image":{"@id":"https:\/\/www.integracaodigital.com.br\/blog\/2020\/05\/14\/messenger-rooms-videoconferencia-pelo-facebook\/#primaryimage"},"thumbnailUrl":"https:\/\/www.integracaodigital.com.br\/blog\/wp-content\/uploads\/2020\/05\/messenger-rooms-_post-blog-cover.png","keywords":["coronav\u00edrus","covid-19","estrat\u00e9gias de marketing digital","facebook","ferramentas de videoconfer\u00eancia gr\u00e1tis","Instagram","messenger rooms","pandemia","videoconfer\u00eancia"],"articleSection":["Redes Sociais"],"inLanguage":"pt-BR"},{"@type":"WebPage","@id":"https:\/\/www.integracaodigital.com.br\/blog\/2020\/05\/14\/messenger-rooms-videoconferencia-pelo-facebook\/","url":"https:\/\/www.integracaodigital.com.br\/blog\/2020\/05\/14\/messenger-rooms-videoconferencia-pelo-facebook\/","name":"Messenger Rooms: Novo Servi\u00e7o de Videoconfer\u00eancia do Facebook! - ID","isPartOf":{"@id":"https:\/\/www.integracaodigital.com.br\/blog\/#website"},"primaryImageOfPage":{"@id":"https:\/\/www.integracaodigital.com.br\/blog\/2020\/05\/14\/messenger-rooms-videoconferencia-pelo-facebook\/#primaryimage"},"image":{"@id":"https:\/\/www.integracaodigital.com.br\/blog\/2020\/05\/14\/messenger-rooms-videoconferencia-pelo-facebook\/#primaryimage"},"thumbnailUrl":"https:\/\/www.integracaodigital.com.br\/blog\/wp-content\/uploads\/2020\/05\/messenger-rooms-_post-blog-cover.png","datePublished":"2020-05-14T22:09:22+00:00","dateModified":"2024-03-14T13:16:48+00:00","description":"Que tal criar salas de videoconfer\u00eancia para diferentes grupos de pessoas usando o Facebook? Conhe\u00e7a o Messenger Rooms e explore recursos \u00fanicos!","breadcrumb":{"@id":"https:\/\/www.integracaodigital.com.br\/blog\/2020\/05\/14\/messenger-rooms-videoconferencia-pelo-facebook\/#breadcrumb"},"inLanguage":"pt-BR","potentialAction":[{"@type":"ReadAction","target":["https:\/\/www.integracaodigital.com.br\/blog\/2020\/05\/14\/messenger-rooms-videoconferencia-pelo-facebook\/"]}]},{"@type":"ImageObject","inLanguage":"pt-BR","@id":"https:\/\/www.integracaodigital.com.br\/blog\/2020\/05\/14\/messenger-rooms-videoconferencia-pelo-facebook\/#primaryimage","url":"https:\/\/www.integracaodigital.com.br\/blog\/wp-content\/uploads\/2020\/05\/messenger-rooms-_post-blog-cover.png","contentUrl":"https:\/\/www.integracaodigital.com.br\/blog\/wp-content\/uploads\/2020\/05\/messenger-rooms-_post-blog-cover.png","width":1000,"height":486,"caption":"messenger-rooms-videoconferencia-facebook"},{"@type":"BreadcrumbList","@id":"https:\/\/www.integracaodigital.com.br\/blog\/2020\/05\/14\/messenger-rooms-videoconferencia-pelo-facebook\/#breadcrumb","itemListElement":[{"@type":"ListItem","position":1,"name":"Blog","item":"https:\/\/www.integracaodigital.com.br\/blog\/"},{"@type":"ListItem","position":2,"name":"Messenger Rooms: o novo servi\u00e7o de videoconfer\u00eancia do Facebook!"}]},{"@type":"WebSite","@id":"https:\/\/www.integracaodigital.com.br\/blog\/#website","url":"https:\/\/www.integracaodigital.com.br\/blog\/","name":"Blog - Integra\u00e7\u00e3o Digital","description":"Ag\u00eancia de Marketing Digital","publisher":{"@id":"https:\/\/www.integracaodigital.com.br\/blog\/#organization"},"potentialAction":[{"@type":"SearchAction","target":{"@type":"EntryPoint","urlTemplate":"https:\/\/www.integracaodigital.com.br\/blog\/?s={search_term_string}"},"query-input":{"@type":"PropertyValueSpecification","valueRequired":true,"valueName":"search_term_string"}}],"inLanguage":"pt-BR"},{"@type":"Organization","@id":"https:\/\/www.integracaodigital.com.br\/blog\/#organization","name":"Integra\u00e7\u00e3o Digital","url":"https:\/\/www.integracaodigital.com.br\/blog\/","logo":{"@type":"ImageObject","inLanguage":"pt-BR","@id":"https:\/\/www.integracaodigital.com.br\/blog\/#\/schema\/logo\/image\/","url":"https:\/\/www.integracaodigital.com.br\/blog\/wp-content\/uploads\/2020\/06\/logo-integracao-digital.png","contentUrl":"https:\/\/www.integracaodigital.com.br\/blog\/wp-content\/uploads\/2020\/06\/logo-integracao-digital.png","width":500,"height":487,"caption":"Integra\u00e7\u00e3o Digital"},"image":{"@id":"https:\/\/www.integracaodigital.com.br\/blog\/#\/schema\/logo\/image\/"},"sameAs":["https:\/\/www.facebook.com\/integracaodigital\/","https:\/\/pt.linkedin.com\/company\/integra\u00e7\u00e3o-digital","https:\/\/www.instagram.com\/integracaodigital\/"]},{"@type":"Person","@id":"https:\/\/www.integracaodigital.com.br\/blog\/#\/schema\/person\/5953f4e2397d7732fb7e6f8729a3c418","name":"Natacha Tressino","image":{"@type":"ImageObject","inLanguage":"pt-BR","@id":"https:\/\/secure.gravatar.com\/avatar\/014972316ba0803eac53aa79976ccd8e2c149fd2289a80da64834d2fba132bc0?s=96&d=wp_user_avatar&r=g","url":"https:\/\/secure.gravatar.com\/avatar\/014972316ba0803eac53aa79976ccd8e2c149fd2289a80da64834d2fba132bc0?s=96&d=wp_user_avatar&r=g","contentUrl":"https:\/\/secure.gravatar.com\/avatar\/014972316ba0803eac53aa79976ccd8e2c149fd2289a80da64834d2fba132bc0?s=96&d=wp_user_avatar&r=g","caption":"Natacha Tressino"},"description":"Sou redatora publicit\u00e1ria, com experi\u00eancia em design e aspirante a UX Writing! Amo os animais e n\u00e3o dispenso um sorvete. Gosto de passeios ao ar livre, teatro, filmes e um bom livro.","url":"https:\/\/www.integracaodigital.com.br\/blog\/author\/natacha-tressino\/"}]}},"_links":{"self":[{"href":"https:\/\/www.integracaodigital.com.br\/blog\/wp-json\/wp\/v2\/posts\/922","targetHints":{"allow":["GET"]}}],"collection":[{"href":"https:\/\/www.integracaodigital.com.br\/blog\/wp-json\/wp\/v2\/posts"}],"about":[{"href":"https:\/\/www.integracaodigital.com.br\/blog\/wp-json\/wp\/v2\/types\/post"}],"author":[{"embeddable":true,"href":"https:\/\/www.integracaodigital.com.br\/blog\/wp-json\/wp\/v2\/users\/2"}],"replies":[{"embeddable":true,"href":"https:\/\/www.integracaodigital.com.br\/blog\/wp-json\/wp\/v2\/comments?post=922"}],"version-history":[{"count":1,"href":"https:\/\/www.integracaodigital.com.br\/blog\/wp-json\/wp\/v2\/posts\/922\/revisions"}],"predecessor-version":[{"id":2542,"href":"https:\/\/www.integracaodigital.com.br\/blog\/wp-json\/wp\/v2\/posts\/922\/revisions\/2542"}],"wp:featuredmedia":[{"embeddable":true,"href":"https:\/\/www.integracaodigital.com.br\/blog\/wp-json\/wp\/v2\/media\/923"}],"wp:attachment":[{"href":"https:\/\/www.integracaodigital.com.br\/blog\/wp-json\/wp\/v2\/media?parent=922"}],"wp:term":[{"taxonomy":"category","embeddable":true,"href":"https:\/\/www.integracaodigital.com.br\/blog\/wp-json\/wp\/v2\/categories?post=922"},{"taxonomy":"post_tag","embeddable":true,"href":"https:\/\/www.integracaodigital.com.br\/blog\/wp-json\/wp\/v2\/tags?post=922"}],"curies":[{"name":"wp","href":"https:\/\/api.w.org\/{rel}","templated":true}]}}